{"id":1056,"date":"2025-09-10T23:12:45","date_gmt":"2025-09-10T21:12:45","guid":{"rendered":"https:\/\/ascla-ambialet.fr\/?p=1056"},"modified":"2025-09-10T23:12:46","modified_gmt":"2025-09-10T21:12:46","slug":"exposition-emmanuel-bordarier","status":"publish","type":"post","link":"https:\/\/ascla-ambialet.fr\/index.php\/2025\/09\/10\/exposition-emmanuel-bordarier\/","title":{"rendered":"Exposition Emmanuel BORDARIER"},"content":{"rendered":"\n<figure class=\"wp-block-image size-large\"><img fetchpriority=\"high\" decoding=\"async\" width=\"1024\" height=\"494\" src=\"https:\/\/ascla-ambialet.fr\/wp-content\/uploads\/2025\/09\/invitation-emmanuel-bordarier-1024x494.png\" alt=\"\" class=\"wp-image-1057\" srcset=\"https:\/\/ascla-ambialet.fr\/wp-content\/uploads\/2025\/09\/invitation-emmanuel-bordarier-1024x494.png 1024w, https:\/\/ascla-ambialet.fr\/wp-content\/uploads\/2025\/09\/invitation-emmanuel-bordarier-300x145.png 300w, https:\/\/ascla-ambialet.fr\/wp-content\/uploads\/2025\/09\/invitation-emmanuel-bordarier-768x370.png 768w, https:\/\/ascla-ambialet.fr\/wp-content\/uploads\/2025\/09\/invitation-emmanuel-bordarier-1536x741.png 1536w, https:\/\/ascla-ambialet.fr\/wp-content\/uploads\/2025\/09\/invitation-emmanuel-bordarier.png 1632w\" sizes=\"(max-width: 1024px) 100vw, 1024px\" \/><\/figure>\n\n\n\n<h2 class=\"wp-block-heading\">Exposition Emmanuel BORDARIER<\/h2>\n\n\n\n<p>L\u2019Association Sport Culture et Loisirs d\u2019Ambialet (ASCLA) cl\u00f4ture en beaut\u00e9 la saison 2025 de ses expositions avec un dernier invit\u00e9 d\u2019honneur, Emmanuel BORDARIER, photographe, qui nous pr\u00e9sentera ses \u0153uvres en l\u2019\u00e9glise Saint Gilles d\u2019Ambialet, les week-ends des 6-7&nbsp;; 13-14 et 20-21 septembre 2025 (de 14 h \u00e0 18 h &#8211; entr\u00e9e libre).<\/p>\n\n\n\n<p>Emmanuel BORDARIER exerce la profession de photographe depuis fin 2018, cette exposition, il l\u2019a voulue comme une rencontre improbable, une sorte de pacte informel entre la ville et cette nature qui gagne du terrain, peu \u00e0 peu, pourvu qu\u2019on la laisse s\u2019exprimer ou qu\u2019on l\u2019on oublie tout simplement\u2026 Ce sont justement ces endroits qui inspirent notre photographe, il les cherche, les d\u00e9niche et les met en valeur gr\u00e2ce \u00e0 son boitier et \u00e0 son savoir-faire, car il ne suffit pas de voir, il faut surtout savoir choisir le \u00ab&nbsp;fragment de nature&nbsp;\u00bb accol\u00e9 \u00e0 \u00ab&nbsp;l\u2019architecture urbaine&nbsp;\u00bb, qui va rendre le clich\u00e9 int\u00e9ressant, original et in\u00e9dit. Emmanuel BORDARIER excelle en la mati\u00e8re. Ces \u00ab&nbsp;petits endroits&nbsp;\u00bb qui n\u2019attirent pas l\u2019attention des passants, ces \u00ab&nbsp;petits endroits&nbsp;\u00bb o\u00f9 la nature a gagn\u00e9 pas \u00e0 pas du terrain sur la civilisation, ces \u00ab&nbsp;petits endroits&nbsp;\u00bb qui racontent des histoires, sont pour lui des lieux de pr\u00e9dilection qu\u2019il traque au d\u00e9tour de ses p\u00e9r\u00e9grinations. Il aime \u00e9galement jouer avec la couleur dont il estime qu\u2019il serait dommage de se priver. Il explique que son \u0153il est \u00ab&nbsp;adapt\u00e9&nbsp;\u00bb \u00e0 la photographie couleur, ce qui l\u2019am\u00e8ne \u00e0 r\u00e9aliser parfois une photo simplement parce que les teintes d\u2019un paysage l\u2019ont interpel\u00e9.<\/p>\n\n\n\n<p>Il ne faut jamais oublier la technique lorsqu\u2019on parle de photographie, Emmanuel BORDARIER la ma\u00eetrise parfaitement, il sait capter la lumi\u00e8re ou mettre en valeur les ombres tout en magnifiant le sujet. Comme tout photographe exigeant, il r\u00e9alise parfois le d\u00e9licat travail de \u00ab&nbsp;post-production&nbsp;\u00bb en veillant scrupuleusement \u00e0 ne pas d\u00e9naturer le clich\u00e9 initial. Il estime qu\u2019il faut bannir les retouches voyantes qui g\u00e2cheraient l\u2019effet escompt\u00e9. Il faut de ce fait beaucoup de finesse et de temps pour que les retouches, lorsqu\u2019il y en a, demeurent invisibles.<\/p>\n\n\n\n<p>Cet artiste perfectionniste est reconnu par ses pairs qui l\u2019ont choisi pour faire partie du jury de la splendide exposition-concours \u00ab&nbsp;d\u00e9clic photo&nbsp;\u00bb de Carlus, souvent programm\u00e9e en mars (ne la ratez pas\u2026). Emmanuel BORDARIER ne se cantonne pas aux photographies de paysages, il a \u00e9galement r\u00e9alis\u00e9 une exposition itin\u00e9rante \u00ab&nbsp;toutes sportives&nbsp;\u00bb, qui continue \u00e0 circuler dans les coll\u00e8ges et lyc\u00e9es du d\u00e9partement et dans certaines communes. Il a su saisir les instants de vie de 18 sportives ayant des parcours remarquables et insolites. Il a ainsi rendu cette s\u00e9rie&nbsp; attractive prouvant, c\u2019\u00e9tait d\u2019ailleurs sa mission en images, que le sport s\u2019adresse \u00e0 toutes et \u00e0 tous.<\/p>\n\n\n\n<p>En ce mois de septembre, c\u2019est en l\u2019\u00e9glise Saint Gilles que vous pourrez rencontrer Emmanuel BORDARIER et admirer sa superbe exposition. Elle vous permettra, je n\u2019en doute pas, de d\u00e9couvrir des endroits secrets et dissimul\u00e9s dans nos villes, sortis de l\u2019oubli gr\u00e2ce \u00e0 sa sensibilit\u00e9 artistique et \u00e0 sa ma\u00eetrise technique de l\u2019art photographique.<\/p>\n\n\n\n<p>Brigitte MOULIN<\/p>\n\n\n\n<p><\/p>\n","protected":false},"excerpt":{"rendered":"<p>Exposition Emmanuel BORDARIER L\u2019Association Sport Culture et Loisirs d\u2019Ambialet (ASCLA) cl\u00f4ture en beaut\u00e9 la saison 2025 de ses expositions avec un dernier invit\u00e9 d\u2019honneur, Emmanuel BORDARIER, photographe, qui nous pr\u00e9sentera ses \u0153uvres en l\u2019\u00e9glise Saint Gilles d\u2019Ambialet, les week-ends des 6-7&nbsp;; 13-14 et 20-21 septembre 2025 (de 14 h \u00e0 [&hellip;]<\/p>\n","protected":false},"author":1,"featured_media":0,"comment_status":"open","ping_status":"open","sticky":false,"template":"","format":"standard","meta":{"footnotes":""},"categories":[1],"tags":[],"class_list":["post-1056","post","type-post","status-publish","format-standard","hentry","category-non-classe"],"yoast_head":"<!-- This site is optimized with the Yoast SEO plugin v26.1.1 - https:\/\/yoast.com\/wordpress\/plugins\/seo\/ -->\n<title>Exposition Emmanuel BORDARIER - ASCLA<\/title>\n<meta name=\"robots\" content=\"index, follow, max-snippet:-1, max-image-preview:large, max-video-preview:-1\" \/>\n<link rel=\"canonical\" href=\"https:\/\/ascla-ambialet.fr\/index.php\/2025\/09\/10\/exposition-emmanuel-bordarier\/\" \/>\n<meta property=\"og:locale\" content=\"fr_FR\" \/>\n<meta property=\"og:type\" content=\"article\" \/>\n<meta property=\"og:title\" content=\"Exposition Emmanuel BORDARIER - ASCLA\" \/>\n<meta property=\"og:description\" content=\"Exposition Emmanuel BORDARIER L\u2019Association Sport Culture et Loisirs d\u2019Ambialet (ASCLA) cl\u00f4ture en beaut\u00e9 la saison 2025 de ses expositions avec un dernier invit\u00e9 d\u2019honneur, Emmanuel BORDARIER, photographe, qui nous pr\u00e9sentera ses \u0153uvres en l\u2019\u00e9glise Saint Gilles d\u2019Ambialet, les week-ends des 6-7&nbsp;; 13-14 et 20-21 septembre 2025 (de 14 h \u00e0 [&hellip;]\" \/>\n<meta property=\"og:url\" content=\"https:\/\/ascla-ambialet.fr\/index.php\/2025\/09\/10\/exposition-emmanuel-bordarier\/\" \/>\n<meta property=\"og:site_name\" content=\"ASCLA\" \/>\n<meta property=\"article:published_time\" content=\"2025-09-10T21:12:45+00:00\" \/>\n<meta property=\"article:modified_time\" content=\"2025-09-10T21:12:46+00:00\" \/>\n<meta property=\"og:image\" content=\"https:\/\/ascla-ambialet.fr\/wp-content\/uploads\/2025\/09\/invitation-emmanuel-bordarier-1024x494.png\" \/>\n<meta name=\"author\" content=\"asclaambbvambialet\" \/>\n<meta name=\"twitter:card\" content=\"summary_large_image\" \/>\n<meta name=\"twitter:label1\" content=\"\u00c9crit par\" \/>\n\t<meta name=\"twitter:data1\" content=\"asclaambbvambialet\" \/>\n\t<meta name=\"twitter:label2\" content=\"Dur\u00e9e de lecture estim\u00e9e\" \/>\n\t<meta name=\"twitter:data2\" content=\"3 minutes\" \/>\n<script type=\"application\/ld+json\" class=\"yoast-schema-graph\">{\"@context\":\"https:\/\/schema.org\",\"@graph\":[{\"@type\":\"Article\",\"@id\":\"https:\/\/ascla-ambialet.fr\/index.php\/2025\/09\/10\/exposition-emmanuel-bordarier\/#article\",\"isPartOf\":{\"@id\":\"https:\/\/ascla-ambialet.fr\/index.php\/2025\/09\/10\/exposition-emmanuel-bordarier\/\"},\"author\":{\"name\":\"asclaambbvambialet\",\"@id\":\"https:\/\/ascla-ambialet.fr\/#\/schema\/person\/aabb7e21f2ad7092f96a1375ddd51ec3\"},\"headline\":\"Exposition Emmanuel BORDARIER\",\"datePublished\":\"2025-09-10T21:12:45+00:00\",\"dateModified\":\"2025-09-10T21:12:46+00:00\",\"mainEntityOfPage\":{\"@id\":\"https:\/\/ascla-ambialet.fr\/index.php\/2025\/09\/10\/exposition-emmanuel-bordarier\/\"},\"wordCount\":570,\"commentCount\":0,\"publisher\":{\"@id\":\"https:\/\/ascla-ambialet.fr\/#organization\"},\"image\":{\"@id\":\"https:\/\/ascla-ambialet.fr\/index.php\/2025\/09\/10\/exposition-emmanuel-bordarier\/#primaryimage\"},\"thumbnailUrl\":\"https:\/\/ascla-ambialet.fr\/wp-content\/uploads\/2025\/09\/invitation-emmanuel-bordarier-1024x494.png\",\"inLanguage\":\"fr-FR\",\"potentialAction\":[{\"@type\":\"CommentAction\",\"name\":\"Comment\",\"target\":[\"https:\/\/ascla-ambialet.fr\/index.php\/2025\/09\/10\/exposition-emmanuel-bordarier\/#respond\"]}]},{\"@type\":\"WebPage\",\"@id\":\"https:\/\/ascla-ambialet.fr\/index.php\/2025\/09\/10\/exposition-emmanuel-bordarier\/\",\"url\":\"https:\/\/ascla-ambialet.fr\/index.php\/2025\/09\/10\/exposition-emmanuel-bordarier\/\",\"name\":\"Exposition Emmanuel BORDARIER - ASCLA\",\"isPartOf\":{\"@id\":\"https:\/\/ascla-ambialet.fr\/#website\"},\"primaryImageOfPage\":{\"@id\":\"https:\/\/ascla-ambialet.fr\/index.php\/2025\/09\/10\/exposition-emmanuel-bordarier\/#primaryimage\"},\"image\":{\"@id\":\"https:\/\/ascla-ambialet.fr\/index.php\/2025\/09\/10\/exposition-emmanuel-bordarier\/#primaryimage\"},\"thumbnailUrl\":\"https:\/\/ascla-ambialet.fr\/wp-content\/uploads\/2025\/09\/invitation-emmanuel-bordarier-1024x494.png\",\"datePublished\":\"2025-09-10T21:12:45+00:00\",\"dateModified\":\"2025-09-10T21:12:46+00:00\",\"breadcrumb\":{\"@id\":\"https:\/\/ascla-ambialet.fr\/index.php\/2025\/09\/10\/exposition-emmanuel-bordarier\/#breadcrumb\"},\"inLanguage\":\"fr-FR\",\"potentialAction\":[{\"@type\":\"ReadAction\",\"target\":[\"https:\/\/ascla-ambialet.fr\/index.php\/2025\/09\/10\/exposition-emmanuel-bordarier\/\"]}]},{\"@type\":\"ImageObject\",\"inLanguage\":\"fr-FR\",\"@id\":\"https:\/\/ascla-ambialet.fr\/index.php\/2025\/09\/10\/exposition-emmanuel-bordarier\/#primaryimage\",\"url\":\"https:\/\/ascla-ambialet.fr\/wp-content\/uploads\/2025\/09\/invitation-emmanuel-bordarier.png\",\"contentUrl\":\"https:\/\/ascla-ambialet.fr\/wp-content\/uploads\/2025\/09\/invitation-emmanuel-bordarier.png\",\"width\":1632,\"height\":787},{\"@type\":\"BreadcrumbList\",\"@id\":\"https:\/\/ascla-ambialet.fr\/index.php\/2025\/09\/10\/exposition-emmanuel-bordarier\/#breadcrumb\",\"itemListElement\":[{\"@type\":\"ListItem\",\"position\":1,\"name\":\"Accueil\",\"item\":\"https:\/\/ascla-ambialet.fr\/\"},{\"@type\":\"ListItem\",\"position\":2,\"name\":\"Exposition Emmanuel BORDARIER\"}]},{\"@type\":\"WebSite\",\"@id\":\"https:\/\/ascla-ambialet.fr\/#website\",\"url\":\"https:\/\/ascla-ambialet.fr\/\",\"name\":\"ASCLA\",\"description\":\"\",\"publisher\":{\"@id\":\"https:\/\/ascla-ambialet.fr\/#organization\"},\"potentialAction\":[{\"@type\":\"SearchAction\",\"target\":{\"@type\":\"EntryPoint\",\"urlTemplate\":\"https:\/\/ascla-ambialet.fr\/?s={search_term_string}\"},\"query-input\":{\"@type\":\"PropertyValueSpecification\",\"valueRequired\":true,\"valueName\":\"search_term_string\"}}],\"inLanguage\":\"fr-FR\"},{\"@type\":\"Organization\",\"@id\":\"https:\/\/ascla-ambialet.fr\/#organization\",\"name\":\"ASCLA\",\"url\":\"https:\/\/ascla-ambialet.fr\/\",\"logo\":{\"@type\":\"ImageObject\",\"inLanguage\":\"fr-FR\",\"@id\":\"https:\/\/ascla-ambialet.fr\/#\/schema\/logo\/image\/\",\"url\":\"https:\/\/ascla-ambialet.fr\/wp-content\/uploads\/2025\/05\/Design-sans-titre11.png\",\"contentUrl\":\"https:\/\/ascla-ambialet.fr\/wp-content\/uploads\/2025\/05\/Design-sans-titre11.png\",\"width\":800,\"height\":800,\"caption\":\"ASCLA\"},\"image\":{\"@id\":\"https:\/\/ascla-ambialet.fr\/#\/schema\/logo\/image\/\"}},{\"@type\":\"Person\",\"@id\":\"https:\/\/ascla-ambialet.fr\/#\/schema\/person\/aabb7e21f2ad7092f96a1375ddd51ec3\",\"name\":\"asclaambbvambialet\",\"image\":{\"@type\":\"ImageObject\",\"inLanguage\":\"fr-FR\",\"@id\":\"https:\/\/ascla-ambialet.fr\/#\/schema\/person\/image\/\",\"url\":\"https:\/\/secure.gravatar.com\/avatar\/a686c1a8a93839c48299b050d50f63561d545f752f4295ce6b785711f7f4313a?s=96&d=mm&r=g\",\"contentUrl\":\"https:\/\/secure.gravatar.com\/avatar\/a686c1a8a93839c48299b050d50f63561d545f752f4295ce6b785711f7f4313a?s=96&d=mm&r=g\",\"caption\":\"asclaambbvambialet\"},\"sameAs\":[\"http:\/\/ascla-ambialet.fr\"],\"url\":\"https:\/\/ascla-ambialet.fr\/index.php\/author\/asclaambbvambialet\/\"}]}<\/script>\n<!-- \/ Yoast SEO plugin. -->","yoast_head_json":{"title":"Exposition Emmanuel BORDARIER - ASCLA","robots":{"index":"index","follow":"follow","max-snippet":"max-snippet:-1","max-image-preview":"max-image-preview:large","max-video-preview":"max-video-preview:-1"},"canonical":"https:\/\/ascla-ambialet.fr\/index.php\/2025\/09\/10\/exposition-emmanuel-bordarier\/","og_locale":"fr_FR","og_type":"article","og_title":"Exposition Emmanuel BORDARIER - ASCLA","og_description":"Exposition Emmanuel BORDARIER L\u2019Association Sport Culture et Loisirs d\u2019Ambialet (ASCLA) cl\u00f4ture en beaut\u00e9 la saison 2025 de ses expositions avec un dernier invit\u00e9 d\u2019honneur, Emmanuel BORDARIER, photographe, qui nous pr\u00e9sentera ses \u0153uvres en l\u2019\u00e9glise Saint Gilles d\u2019Ambialet, les week-ends des 6-7&nbsp;; 13-14 et 20-21 septembre 2025 (de 14 h \u00e0 [&hellip;]","og_url":"https:\/\/ascla-ambialet.fr\/index.php\/2025\/09\/10\/exposition-emmanuel-bordarier\/","og_site_name":"ASCLA","article_published_time":"2025-09-10T21:12:45+00:00","article_modified_time":"2025-09-10T21:12:46+00:00","og_image":[{"url":"https:\/\/ascla-ambialet.fr\/wp-content\/uploads\/2025\/09\/invitation-emmanuel-bordarier-1024x494.png","type":"","width":"","height":""}],"author":"asclaambbvambialet","twitter_card":"summary_large_image","twitter_misc":{"\u00c9crit par":"asclaambbvambialet","Dur\u00e9e de lecture estim\u00e9e":"3 minutes"},"schema":{"@context":"https:\/\/schema.org","@graph":[{"@type":"Article","@id":"https:\/\/ascla-ambialet.fr\/index.php\/2025\/09\/10\/exposition-emmanuel-bordarier\/#article","isPartOf":{"@id":"https:\/\/ascla-ambialet.fr\/index.php\/2025\/09\/10\/exposition-emmanuel-bordarier\/"},"author":{"name":"asclaambbvambialet","@id":"https:\/\/ascla-ambialet.fr\/#\/schema\/person\/aabb7e21f2ad7092f96a1375ddd51ec3"},"headline":"Exposition Emmanuel BORDARIER","datePublished":"2025-09-10T21:12:45+00:00","dateModified":"2025-09-10T21:12:46+00:00","mainEntityOfPage":{"@id":"https:\/\/ascla-ambialet.fr\/index.php\/2025\/09\/10\/exposition-emmanuel-bordarier\/"},"wordCount":570,"commentCount":0,"publisher":{"@id":"https:\/\/ascla-ambialet.fr\/#organization"},"image":{"@id":"https:\/\/ascla-ambialet.fr\/index.php\/2025\/09\/10\/exposition-emmanuel-bordarier\/#primaryimage"},"thumbnailUrl":"https:\/\/ascla-ambialet.fr\/wp-content\/uploads\/2025\/09\/invitation-emmanuel-bordarier-1024x494.png","inLanguage":"fr-FR","potentialAction":[{"@type":"CommentAction","name":"Comment","target":["https:\/\/ascla-ambialet.fr\/index.php\/2025\/09\/10\/exposition-emmanuel-bordarier\/#respond"]}]},{"@type":"WebPage","@id":"https:\/\/ascla-ambialet.fr\/index.php\/2025\/09\/10\/exposition-emmanuel-bordarier\/","url":"https:\/\/ascla-ambialet.fr\/index.php\/2025\/09\/10\/exposition-emmanuel-bordarier\/","name":"Exposition Emmanuel BORDARIER - ASCLA","isPartOf":{"@id":"https:\/\/ascla-ambialet.fr\/#website"},"primaryImageOfPage":{"@id":"https:\/\/ascla-ambialet.fr\/index.php\/2025\/09\/10\/exposition-emmanuel-bordarier\/#primaryimage"},"image":{"@id":"https:\/\/ascla-ambialet.fr\/index.php\/2025\/09\/10\/exposition-emmanuel-bordarier\/#primaryimage"},"thumbnailUrl":"https:\/\/ascla-ambialet.fr\/wp-content\/uploads\/2025\/09\/invitation-emmanuel-bordarier-1024x494.png","datePublished":"2025-09-10T21:12:45+00:00","dateModified":"2025-09-10T21:12:46+00:00","breadcrumb":{"@id":"https:\/\/ascla-ambialet.fr\/index.php\/2025\/09\/10\/exposition-emmanuel-bordarier\/#breadcrumb"},"inLanguage":"fr-FR","potentialAction":[{"@type":"ReadAction","target":["https:\/\/ascla-ambialet.fr\/index.php\/2025\/09\/10\/exposition-emmanuel-bordarier\/"]}]},{"@type":"ImageObject","inLanguage":"fr-FR","@id":"https:\/\/ascla-ambialet.fr\/index.php\/2025\/09\/10\/exposition-emmanuel-bordarier\/#primaryimage","url":"https:\/\/ascla-ambialet.fr\/wp-content\/uploads\/2025\/09\/invitation-emmanuel-bordarier.png","contentUrl":"https:\/\/ascla-ambialet.fr\/wp-content\/uploads\/2025\/09\/invitation-emmanuel-bordarier.png","width":1632,"height":787},{"@type":"BreadcrumbList","@id":"https:\/\/ascla-ambialet.fr\/index.php\/2025\/09\/10\/exposition-emmanuel-bordarier\/#breadcrumb","itemListElement":[{"@type":"ListItem","position":1,"name":"Accueil","item":"https:\/\/ascla-ambialet.fr\/"},{"@type":"ListItem","position":2,"name":"Exposition Emmanuel BORDARIER"}]},{"@type":"WebSite","@id":"https:\/\/ascla-ambialet.fr\/#website","url":"https:\/\/ascla-ambialet.fr\/","name":"ASCLA","description":"","publisher":{"@id":"https:\/\/ascla-ambialet.fr\/#organization"},"potentialAction":[{"@type":"SearchAction","target":{"@type":"EntryPoint","urlTemplate":"https:\/\/ascla-ambialet.fr\/?s={search_term_string}"},"query-input":{"@type":"PropertyValueSpecification","valueRequired":true,"valueName":"search_term_string"}}],"inLanguage":"fr-FR"},{"@type":"Organization","@id":"https:\/\/ascla-ambialet.fr\/#organization","name":"ASCLA","url":"https:\/\/ascla-ambialet.fr\/","logo":{"@type":"ImageObject","inLanguage":"fr-FR","@id":"https:\/\/ascla-ambialet.fr\/#\/schema\/logo\/image\/","url":"https:\/\/ascla-ambialet.fr\/wp-content\/uploads\/2025\/05\/Design-sans-titre11.png","contentUrl":"https:\/\/ascla-ambialet.fr\/wp-content\/uploads\/2025\/05\/Design-sans-titre11.png","width":800,"height":800,"caption":"ASCLA"},"image":{"@id":"https:\/\/ascla-ambialet.fr\/#\/schema\/logo\/image\/"}},{"@type":"Person","@id":"https:\/\/ascla-ambialet.fr\/#\/schema\/person\/aabb7e21f2ad7092f96a1375ddd51ec3","name":"asclaambbvambialet","image":{"@type":"ImageObject","inLanguage":"fr-FR","@id":"https:\/\/ascla-ambialet.fr\/#\/schema\/person\/image\/","url":"https:\/\/secure.gravatar.com\/avatar\/a686c1a8a93839c48299b050d50f63561d545f752f4295ce6b785711f7f4313a?s=96&d=mm&r=g","contentUrl":"https:\/\/secure.gravatar.com\/avatar\/a686c1a8a93839c48299b050d50f63561d545f752f4295ce6b785711f7f4313a?s=96&d=mm&r=g","caption":"asclaambbvambialet"},"sameAs":["http:\/\/ascla-ambialet.fr"],"url":"https:\/\/ascla-ambialet.fr\/index.php\/author\/asclaambbvambialet\/"}]}},"_links":{"self":[{"href":"https:\/\/ascla-ambialet.fr\/index.php\/wp-json\/wp\/v2\/posts\/1056","targetHints":{"allow":["GET"]}}],"collection":[{"href":"https:\/\/ascla-ambialet.fr\/index.php\/wp-json\/wp\/v2\/posts"}],"about":[{"href":"https:\/\/ascla-ambialet.fr\/index.php\/wp-json\/wp\/v2\/types\/post"}],"author":[{"embeddable":true,"href":"https:\/\/ascla-ambialet.fr\/index.php\/wp-json\/wp\/v2\/users\/1"}],"replies":[{"embeddable":true,"href":"https:\/\/ascla-ambialet.fr\/index.php\/wp-json\/wp\/v2\/comments?post=1056"}],"version-history":[{"count":1,"href":"https:\/\/ascla-ambialet.fr\/index.php\/wp-json\/wp\/v2\/posts\/1056\/revisions"}],"predecessor-version":[{"id":1058,"href":"https:\/\/ascla-ambialet.fr\/index.php\/wp-json\/wp\/v2\/posts\/1056\/revisions\/1058"}],"wp:attachment":[{"href":"https:\/\/ascla-ambialet.fr\/index.php\/wp-json\/wp\/v2\/media?parent=1056"}],"wp:term":[{"taxonomy":"category","embeddable":true,"href":"https:\/\/ascla-ambialet.fr\/index.php\/wp-json\/wp\/v2\/categories?post=1056"},{"taxonomy":"post_tag","embeddable":true,"href":"https:\/\/ascla-ambialet.fr\/index.php\/wp-json\/wp\/v2\/tags?post=1056"}],"curies":[{"name":"wp","href":"https:\/\/api.w.org\/{rel}","templated":true}]}}