{"id":1067,"date":"2025-09-16T22:23:38","date_gmt":"2025-09-16T20:23:38","guid":{"rendered":"https:\/\/ascla-ambialet.fr\/?p=1067"},"modified":"2025-09-16T22:39:19","modified_gmt":"2025-09-16T20:39:19","slug":"exposition-ma-verdier","status":"publish","type":"post","link":"https:\/\/ascla-ambialet.fr\/index.php\/2025\/09\/16\/exposition-ma-verdier\/","title":{"rendered":"Exposition Ma VERDIER"},"content":{"rendered":"\t\t<div data-elementor-type=\"wp-post\" data-elementor-id=\"1067\" class=\"elementor elementor-1067\">\n\t\t\t\t<div class=\"elementor-element elementor-element-44022521 e-flex e-con-boxed e-con e-parent\" data-id=\"44022521\" data-element_type=\"container\">\n\t\t\t\t\t<div class=\"e-con-inner\">\n\t\t\t\t<div class=\"elementor-element elementor-element-50fc473 elementor-widget elementor-widget-text-editor\" data-id=\"50fc473\" data-element_type=\"widget\" data-widget_type=\"text-editor.default\">\n\t\t\t\t<div class=\"elementor-widget-container\">\n\t\t\t\t\t\t\t\t\t\n<h2 class=\"wp-block-heading\">Exposition Ma VERDIER &#8211; \u00ab\u00a0Un brin d&rsquo;immensit\u00e9\u00a0\u00bb<\/h2>\n\n\n\n<p><\/p>\n\t\t\t\t\t\t\t\t<\/div>\n\t\t\t\t<\/div>\n\t\t\t\t\t<\/div>\n\t\t\t\t<\/div>\n\t\t<div class=\"elementor-element elementor-element-1a0e253 e-flex e-con-boxed e-con e-parent\" data-id=\"1a0e253\" data-element_type=\"container\">\n\t\t\t\t\t<div class=\"e-con-inner\">\n\t\t\t\t<div class=\"elementor-element elementor-element-83f10b1 elementor-widget elementor-widget-image\" data-id=\"83f10b1\" data-element_type=\"widget\" data-widget_type=\"image.default\">\n\t\t\t\t<div class=\"elementor-widget-container\">\n\t\t\t\t\t\t\t\t\t\t\t\t\t\t\t<img fetchpriority=\"high\" decoding=\"async\" width=\"750\" height=\"361\" src=\"https:\/\/ascla-ambialet.fr\/wp-content\/uploads\/2025\/09\/Vernissage-Marie-Agnes-Verdier-1024x493.png\" class=\"attachment-large size-large wp-image-1069\" alt=\"\" srcset=\"https:\/\/ascla-ambialet.fr\/wp-content\/uploads\/2025\/09\/Vernissage-Marie-Agnes-Verdier-1024x493.png 1024w, https:\/\/ascla-ambialet.fr\/wp-content\/uploads\/2025\/09\/Vernissage-Marie-Agnes-Verdier-300x145.png 300w, https:\/\/ascla-ambialet.fr\/wp-content\/uploads\/2025\/09\/Vernissage-Marie-Agnes-Verdier-768x370.png 768w, https:\/\/ascla-ambialet.fr\/wp-content\/uploads\/2025\/09\/Vernissage-Marie-Agnes-Verdier.png 1189w\" sizes=\"(max-width: 750px) 100vw, 750px\" \/>\t\t\t\t\t\t\t\t\t\t\t\t\t\t\t<\/div>\n\t\t\t\t<\/div>\n\t\t\t\t\t<\/div>\n\t\t\t\t<\/div>\n\t\t<div class=\"elementor-element elementor-element-1f43b58 e-flex e-con-boxed e-con e-parent\" data-id=\"1f43b58\" data-element_type=\"container\">\n\t\t\t\t\t<div class=\"e-con-inner\">\n\t\t\t\t<div class=\"elementor-element elementor-element-ff254a4 elementor-widget elementor-widget-text-editor\" data-id=\"ff254a4\" data-element_type=\"widget\" data-widget_type=\"text-editor.default\">\n\t\t\t\t<div class=\"elementor-widget-container\">\n\t\t\t\t\t\t\t\t\t<p>L\u2019Association Sport Culture et Loisirs d\u2019Ambialet (ASCLA) vous invite \u00e0 d\u00e9couvrir l\u2019exposition de Ma Verdier, artiste plasticienne tarnaise, dans un cadre exceptionnel : l\u2019\u00c9glise Notre-Dame de Bonneval, joyau du patrimoine local. Pour la premi\u00e8re fois, l\u2019association investit ce lieu empreint d\u2019histoire et de spiritualit\u00e9, gr\u00e2ce \u00e0 l\u2019accueil bienveillant de la paroisse. Cet \u00e9v\u00e9nement marque une \u00e9tape importante pour l\u2019ASCLA, qui esp\u00e8re que <em>Un brin d\u2019immensit\u00e9<\/em> sera la premi\u00e8re d\u2019une longue s\u00e9rie de rendez-vous culturels destin\u00e9s \u00e0 faire rayonner ce site remarquable.<\/p>\n<p>L\u2019exposition <em>Un brin d\u2019immensit\u00e9<\/em> est le reflet d\u2019un dialogue intime avec le monde naturel et les vivants. Chaque trait, chaque forme, chaque geste cherche \u00e0 d\u00e9voiler \u00ab quelque chose de plus grand \u00bb.<\/p>\n<p>\u00ab Je commen\u00e7ais l\u2019ouvrage. Je tra\u00e7ais, \u00e0 la peinture noire, sur la longueur d\u2019une grande feuille, une ligne droite se terminant par trois points. L\u2019ouverture \u00e9tait faite. Je ressentais l\u2019espace du dessin et ma premi\u00e8re dilatation. (\u2026) Je pers\u00e9v\u00e9rais, et ma r\u00e9alit\u00e9 augmentait\u2026 \u00bb. <em>Les passages entre guillemets sont des paroles de Ma Verdier.<\/em><\/p>\n<p>Il y a les marches silencieuses, les sensations, les perceptions. Ma Verdier explore, \u00e9coute et ressent : \u00ab Les limites sont repouss\u00e9es. Je suis \u00e9mue et mue par le vide \u00a0\u00bbentre\u00a0\u00bb : entre les arbres, les rochers, les fleurs, les ruisseaux, les oiseaux. \u00bb Dans cette rencontre intime avec les \u00e9l\u00e9ments, une mythologie s\u2019invente. \u00ab Le rocher me regarde. Les arbres me dansent et le vent s\u2019en m\u00eale. \u00bb Des chants, des sons, des gestes intuitifs \u00e9mergent, comme un langage secret qui relie l\u2019artiste au vivant.<\/p>\n<p>Dans son atelier, les nombreuses \u00e9tudes \u00e0 la gouache en pleine nature c\u00f4toient un travail plus abstrait. Les \u00ab \u00e9critures des arbres \u00bb s\u2019inventent en blanc sur de grandes plaques d\u2019aluminium. Les dessins aux feutres sur carnets et les grands formats \u00e0 l\u2019huile sur toile explorent \u00ab l\u2019espace profond \u00bb du lieu sauvage. Sur le papier et la toile, les formes color\u00e9es unissent l\u2019infiniment petit et infiniment grand.<\/p>\n<p>L\u2019\u00e9glise, elle aussi, participe \u00e0 ce dialogue. L\u2019artiste pr\u00e9l\u00e8ve la terre, l\u2019eau, les empreintes des \u00e9corces et des rochers, collecte fleurs, graines, branches, racines, feuilles et cailloux.<\/p>\t\t\t\t\t\t\t\t<\/div>\n\t\t\t\t<\/div>\n\t\t\t\t\t<\/div>\n\t\t\t\t<\/div>\n\t\t<div class=\"elementor-element elementor-element-184df19 e-flex e-con-boxed e-con e-parent\" data-id=\"184df19\" data-element_type=\"container\">\n\t\t\t\t\t<div class=\"e-con-inner\">\n\t\t<div class=\"elementor-element elementor-element-412b254 e-con-full e-flex e-con e-child\" data-id=\"412b254\" data-element_type=\"container\">\n\t\t\t\t<div class=\"elementor-element elementor-element-c6455af elementor-widget elementor-widget-image\" data-id=\"c6455af\" data-element_type=\"widget\" data-widget_type=\"image.default\">\n\t\t\t\t<div class=\"elementor-widget-container\">\n\t\t\t\t\t\t\t\t\t\t\t\t\t\t\t<img decoding=\"async\" width=\"750\" height=\"754\" src=\"https:\/\/ascla-ambialet.fr\/wp-content\/uploads\/2025\/09\/Ma_verdier_3238-1019x1024.jpg\" class=\"attachment-large size-large wp-image-1068\" alt=\"\" srcset=\"https:\/\/ascla-ambialet.fr\/wp-content\/uploads\/2025\/09\/Ma_verdier_3238-1019x1024.jpg 1019w, https:\/\/ascla-ambialet.fr\/wp-content\/uploads\/2025\/09\/Ma_verdier_3238-298x300.jpg 298w, https:\/\/ascla-ambialet.fr\/wp-content\/uploads\/2025\/09\/Ma_verdier_3238-150x150.jpg 150w, https:\/\/ascla-ambialet.fr\/wp-content\/uploads\/2025\/09\/Ma_verdier_3238-768x772.jpg 768w, https:\/\/ascla-ambialet.fr\/wp-content\/uploads\/2025\/09\/Ma_verdier_3238.jpg 1170w\" sizes=\"(max-width: 750px) 100vw, 750px\" \/>\t\t\t\t\t\t\t\t\t\t\t\t\t\t\t<\/div>\n\t\t\t\t<\/div>\n\t\t\t\t<\/div>\n\t\t<div class=\"elementor-element elementor-element-e0b9134 e-con-full e-flex e-con e-child\" data-id=\"e0b9134\" data-element_type=\"container\">\n\t\t\t\t<div class=\"elementor-element elementor-element-6cb8347 elementor-widget elementor-widget-text-editor\" data-id=\"6cb8347\" data-element_type=\"widget\" data-widget_type=\"text-editor.default\">\n\t\t\t\t<div class=\"elementor-widget-container\">\n\t\t\t\t\t\t\t\t\t<p>Elle installe et organise ces fragments dans l\u2019espace comme autant d\u2019\u00ab \u00e9critures, pri\u00e8res, offrandes, liens \u00bb. Les \u00ab formes originelles \u00bb, volumes en terre cuite pos\u00e9s sur les bancs, semblent surgir du \u00ab vide entre les arbres \u00bb, tandis que les \u00ab cailloux augment\u00e9s \u00bb \u00e0 la cire d\u2019abeille indiquent une direction pour se relier au monde. <em>Les yeux du ruisseau <\/em>(cf.photo), pi\u00e8ce en torchis, r\u00e9alis\u00e9e avec de la terre et d\u2019herbe collect\u00e9es, repose sur l\u2019autel principal de l\u2019\u00e9glise.<\/p>\n<p><\/p>\t\t\t\t\t\t\t\t<\/div>\n\t\t\t\t<\/div>\n\t\t\t\t<\/div>\n\t\t<div class=\"elementor-element elementor-element-3b63ef7 e-con-full e-flex e-con e-child\" data-id=\"3b63ef7\" data-element_type=\"container\">\n\t\t\t\t<div class=\"elementor-element elementor-element-11c1c1c elementor-widget elementor-widget-text-editor\" data-id=\"11c1c1c\" data-element_type=\"widget\" data-widget_type=\"text-editor.default\">\n\t\t\t\t<div class=\"elementor-widget-container\">\n\t\t\t\t\t\t\t\t\t<p>Geste apr\u00e8s geste, trait apr\u00e8s trait, \u00ab l\u2019espace profond du lieu se d\u00e9voile, color\u00e9, joyeux, \u00e0 la fois immense et proche \u00bb. Dans cette c\u00e9l\u00e9bration de la nature, le territoire et le dessin se confondent. \u00ab\u00a0Les \u0153uvres transforment et activent l&rsquo;espace de l&rsquo;\u00e9glise, l&rsquo;espace de c\u00e9l\u00e9bration, une c\u00e9l\u00e9bration avec et pour le monde qui nous fait.\u00a0\u00bb<\/p>\n<p><em>ASCLA \u2013 Comit\u00e9 des expositions<\/em><\/p>\t\t\t\t\t\t\t\t<\/div>\n\t\t\t\t<\/div>\n\t\t\t\t<\/div>\n\t\t\t\t\t<\/div>\n\t\t\t\t<\/div>\n\t\t\t\t<\/div>\n\t\t","protected":false},"excerpt":{"rendered":"<p>Exposition Ma VERDIER &#8211; \u00ab\u00a0Un brin d&rsquo;immensit\u00e9\u00a0\u00bb L\u2019Association Sport Culture et Loisirs d\u2019Ambialet (ASCLA) vous invite \u00e0 d\u00e9couvrir l\u2019exposition de Ma Verdier, artiste plasticienne tarnaise, dans un cadre exceptionnel : l\u2019\u00c9glise Notre-Dame de Bonneval, joyau du patrimoine local. Pour la premi\u00e8re fois, l\u2019association investit ce lieu empreint d\u2019histoire et de [&hellip;]<\/p>\n","protected":false},"author":1,"featured_media":0,"comment_status":"open","ping_status":"open","sticky":false,"template":"","format":"standard","meta":{"footnotes":""},"categories":[1],"tags":[],"class_list":["post-1067","post","type-post","status-publish","format-standard","hentry","category-non-classe"],"yoast_head":"<!-- This site is optimized with the Yoast SEO plugin v26.1.1 - https:\/\/yoast.com\/wordpress\/plugins\/seo\/ -->\n<title>Exposition Ma VERDIER - ASCLA<\/title>\n<meta name=\"robots\" content=\"index, follow, max-snippet:-1, max-image-preview:large, max-video-preview:-1\" \/>\n<link rel=\"canonical\" href=\"https:\/\/ascla-ambialet.fr\/index.php\/2025\/09\/16\/exposition-ma-verdier\/\" \/>\n<meta property=\"og:locale\" content=\"fr_FR\" \/>\n<meta property=\"og:type\" content=\"article\" \/>\n<meta property=\"og:title\" content=\"Exposition Ma VERDIER - ASCLA\" \/>\n<meta property=\"og:description\" content=\"Exposition Ma VERDIER &#8211; \u00ab\u00a0Un brin d&rsquo;immensit\u00e9\u00a0\u00bb L\u2019Association Sport Culture et Loisirs d\u2019Ambialet (ASCLA) vous invite \u00e0 d\u00e9couvrir l\u2019exposition de Ma Verdier, artiste plasticienne tarnaise, dans un cadre exceptionnel : l\u2019\u00c9glise Notre-Dame de Bonneval, joyau du patrimoine local. Pour la premi\u00e8re fois, l\u2019association investit ce lieu empreint d\u2019histoire et de [&hellip;]\" \/>\n<meta property=\"og:url\" content=\"https:\/\/ascla-ambialet.fr\/index.php\/2025\/09\/16\/exposition-ma-verdier\/\" \/>\n<meta property=\"og:site_name\" content=\"ASCLA\" \/>\n<meta property=\"article:published_time\" content=\"2025-09-16T20:23:38+00:00\" \/>\n<meta property=\"article:modified_time\" content=\"2025-09-16T20:39:19+00:00\" \/>\n<meta property=\"og:image\" content=\"https:\/\/ascla-ambialet.fr\/wp-content\/uploads\/2025\/09\/Vernissage-Marie-Agnes-Verdier-1024x493.png\" \/>\n<meta name=\"author\" content=\"asclaambbvambialet\" \/>\n<meta name=\"twitter:card\" content=\"summary_large_image\" \/>\n<meta name=\"twitter:label1\" content=\"\u00c9crit par\" \/>\n\t<meta name=\"twitter:data1\" content=\"asclaambbvambialet\" \/>\n\t<meta name=\"twitter:label2\" content=\"Dur\u00e9e de lecture estim\u00e9e\" \/>\n\t<meta name=\"twitter:data2\" content=\"3 minutes\" \/>\n<script type=\"application\/ld+json\" class=\"yoast-schema-graph\">{\"@context\":\"https:\/\/schema.org\",\"@graph\":[{\"@type\":\"Article\",\"@id\":\"https:\/\/ascla-ambialet.fr\/index.php\/2025\/09\/16\/exposition-ma-verdier\/#article\",\"isPartOf\":{\"@id\":\"https:\/\/ascla-ambialet.fr\/index.php\/2025\/09\/16\/exposition-ma-verdier\/\"},\"author\":{\"name\":\"asclaambbvambialet\",\"@id\":\"https:\/\/ascla-ambialet.fr\/#\/schema\/person\/aabb7e21f2ad7092f96a1375ddd51ec3\"},\"headline\":\"Exposition Ma VERDIER\",\"datePublished\":\"2025-09-16T20:23:38+00:00\",\"dateModified\":\"2025-09-16T20:39:19+00:00\",\"mainEntityOfPage\":{\"@id\":\"https:\/\/ascla-ambialet.fr\/index.php\/2025\/09\/16\/exposition-ma-verdier\/\"},\"wordCount\":540,\"commentCount\":0,\"publisher\":{\"@id\":\"https:\/\/ascla-ambialet.fr\/#organization\"},\"image\":{\"@id\":\"https:\/\/ascla-ambialet.fr\/index.php\/2025\/09\/16\/exposition-ma-verdier\/#primaryimage\"},\"thumbnailUrl\":\"https:\/\/ascla-ambialet.fr\/wp-content\/uploads\/2025\/09\/Vernissage-Marie-Agnes-Verdier-1024x493.png\",\"inLanguage\":\"fr-FR\",\"potentialAction\":[{\"@type\":\"CommentAction\",\"name\":\"Comment\",\"target\":[\"https:\/\/ascla-ambialet.fr\/index.php\/2025\/09\/16\/exposition-ma-verdier\/#respond\"]}]},{\"@type\":\"WebPage\",\"@id\":\"https:\/\/ascla-ambialet.fr\/index.php\/2025\/09\/16\/exposition-ma-verdier\/\",\"url\":\"https:\/\/ascla-ambialet.fr\/index.php\/2025\/09\/16\/exposition-ma-verdier\/\",\"name\":\"Exposition Ma VERDIER - ASCLA\",\"isPartOf\":{\"@id\":\"https:\/\/ascla-ambialet.fr\/#website\"},\"primaryImageOfPage\":{\"@id\":\"https:\/\/ascla-ambialet.fr\/index.php\/2025\/09\/16\/exposition-ma-verdier\/#primaryimage\"},\"image\":{\"@id\":\"https:\/\/ascla-ambialet.fr\/index.php\/2025\/09\/16\/exposition-ma-verdier\/#primaryimage\"},\"thumbnailUrl\":\"https:\/\/ascla-ambialet.fr\/wp-content\/uploads\/2025\/09\/Vernissage-Marie-Agnes-Verdier-1024x493.png\",\"datePublished\":\"2025-09-16T20:23:38+00:00\",\"dateModified\":\"2025-09-16T20:39:19+00:00\",\"breadcrumb\":{\"@id\":\"https:\/\/ascla-ambialet.fr\/index.php\/2025\/09\/16\/exposition-ma-verdier\/#breadcrumb\"},\"inLanguage\":\"fr-FR\",\"potentialAction\":[{\"@type\":\"ReadAction\",\"target\":[\"https:\/\/ascla-ambialet.fr\/index.php\/2025\/09\/16\/exposition-ma-verdier\/\"]}]},{\"@type\":\"ImageObject\",\"inLanguage\":\"fr-FR\",\"@id\":\"https:\/\/ascla-ambialet.fr\/index.php\/2025\/09\/16\/exposition-ma-verdier\/#primaryimage\",\"url\":\"https:\/\/ascla-ambialet.fr\/wp-content\/uploads\/2025\/09\/Vernissage-Marie-Agnes-Verdier.png\",\"contentUrl\":\"https:\/\/ascla-ambialet.fr\/wp-content\/uploads\/2025\/09\/Vernissage-Marie-Agnes-Verdier.png\",\"width\":1189,\"height\":573},{\"@type\":\"BreadcrumbList\",\"@id\":\"https:\/\/ascla-ambialet.fr\/index.php\/2025\/09\/16\/exposition-ma-verdier\/#breadcrumb\",\"itemListElement\":[{\"@type\":\"ListItem\",\"position\":1,\"name\":\"Accueil\",\"item\":\"https:\/\/ascla-ambialet.fr\/\"},{\"@type\":\"ListItem\",\"position\":2,\"name\":\"Exposition Ma VERDIER\"}]},{\"@type\":\"WebSite\",\"@id\":\"https:\/\/ascla-ambialet.fr\/#website\",\"url\":\"https:\/\/ascla-ambialet.fr\/\",\"name\":\"ASCLA\",\"description\":\"\",\"publisher\":{\"@id\":\"https:\/\/ascla-ambialet.fr\/#organization\"},\"potentialAction\":[{\"@type\":\"SearchAction\",\"target\":{\"@type\":\"EntryPoint\",\"urlTemplate\":\"https:\/\/ascla-ambialet.fr\/?s={search_term_string}\"},\"query-input\":{\"@type\":\"PropertyValueSpecification\",\"valueRequired\":true,\"valueName\":\"search_term_string\"}}],\"inLanguage\":\"fr-FR\"},{\"@type\":\"Organization\",\"@id\":\"https:\/\/ascla-ambialet.fr\/#organization\",\"name\":\"ASCLA\",\"url\":\"https:\/\/ascla-ambialet.fr\/\",\"logo\":{\"@type\":\"ImageObject\",\"inLanguage\":\"fr-FR\",\"@id\":\"https:\/\/ascla-ambialet.fr\/#\/schema\/logo\/image\/\",\"url\":\"https:\/\/ascla-ambialet.fr\/wp-content\/uploads\/2025\/05\/Design-sans-titre11.png\",\"contentUrl\":\"https:\/\/ascla-ambialet.fr\/wp-content\/uploads\/2025\/05\/Design-sans-titre11.png\",\"width\":800,\"height\":800,\"caption\":\"ASCLA\"},\"image\":{\"@id\":\"https:\/\/ascla-ambialet.fr\/#\/schema\/logo\/image\/\"}},{\"@type\":\"Person\",\"@id\":\"https:\/\/ascla-ambialet.fr\/#\/schema\/person\/aabb7e21f2ad7092f96a1375ddd51ec3\",\"name\":\"asclaambbvambialet\",\"image\":{\"@type\":\"ImageObject\",\"inLanguage\":\"fr-FR\",\"@id\":\"https:\/\/ascla-ambialet.fr\/#\/schema\/person\/image\/\",\"url\":\"https:\/\/secure.gravatar.com\/avatar\/a686c1a8a93839c48299b050d50f63561d545f752f4295ce6b785711f7f4313a?s=96&d=mm&r=g\",\"contentUrl\":\"https:\/\/secure.gravatar.com\/avatar\/a686c1a8a93839c48299b050d50f63561d545f752f4295ce6b785711f7f4313a?s=96&d=mm&r=g\",\"caption\":\"asclaambbvambialet\"},\"sameAs\":[\"http:\/\/ascla-ambialet.fr\"],\"url\":\"https:\/\/ascla-ambialet.fr\/index.php\/author\/asclaambbvambialet\/\"}]}<\/script>\n<!-- \/ Yoast SEO plugin. -->","yoast_head_json":{"title":"Exposition Ma VERDIER - ASCLA","robots":{"index":"index","follow":"follow","max-snippet":"max-snippet:-1","max-image-preview":"max-image-preview:large","max-video-preview":"max-video-preview:-1"},"canonical":"https:\/\/ascla-ambialet.fr\/index.php\/2025\/09\/16\/exposition-ma-verdier\/","og_locale":"fr_FR","og_type":"article","og_title":"Exposition Ma VERDIER - ASCLA","og_description":"Exposition Ma VERDIER &#8211; \u00ab\u00a0Un brin d&rsquo;immensit\u00e9\u00a0\u00bb L\u2019Association Sport Culture et Loisirs d\u2019Ambialet (ASCLA) vous invite \u00e0 d\u00e9couvrir l\u2019exposition de Ma Verdier, artiste plasticienne tarnaise, dans un cadre exceptionnel : l\u2019\u00c9glise Notre-Dame de Bonneval, joyau du patrimoine local. Pour la premi\u00e8re fois, l\u2019association investit ce lieu empreint d\u2019histoire et de [&hellip;]","og_url":"https:\/\/ascla-ambialet.fr\/index.php\/2025\/09\/16\/exposition-ma-verdier\/","og_site_name":"ASCLA","article_published_time":"2025-09-16T20:23:38+00:00","article_modified_time":"2025-09-16T20:39:19+00:00","og_image":[{"url":"https:\/\/ascla-ambialet.fr\/wp-content\/uploads\/2025\/09\/Vernissage-Marie-Agnes-Verdier-1024x493.png","type":"","width":"","height":""}],"author":"asclaambbvambialet","twitter_card":"summary_large_image","twitter_misc":{"\u00c9crit par":"asclaambbvambialet","Dur\u00e9e de lecture estim\u00e9e":"3 minutes"},"schema":{"@context":"https:\/\/schema.org","@graph":[{"@type":"Article","@id":"https:\/\/ascla-ambialet.fr\/index.php\/2025\/09\/16\/exposition-ma-verdier\/#article","isPartOf":{"@id":"https:\/\/ascla-ambialet.fr\/index.php\/2025\/09\/16\/exposition-ma-verdier\/"},"author":{"name":"asclaambbvambialet","@id":"https:\/\/ascla-ambialet.fr\/#\/schema\/person\/aabb7e21f2ad7092f96a1375ddd51ec3"},"headline":"Exposition Ma VERDIER","datePublished":"2025-09-16T20:23:38+00:00","dateModified":"2025-09-16T20:39:19+00:00","mainEntityOfPage":{"@id":"https:\/\/ascla-ambialet.fr\/index.php\/2025\/09\/16\/exposition-ma-verdier\/"},"wordCount":540,"commentCount":0,"publisher":{"@id":"https:\/\/ascla-ambialet.fr\/#organization"},"image":{"@id":"https:\/\/ascla-ambialet.fr\/index.php\/2025\/09\/16\/exposition-ma-verdier\/#primaryimage"},"thumbnailUrl":"https:\/\/ascla-ambialet.fr\/wp-content\/uploads\/2025\/09\/Vernissage-Marie-Agnes-Verdier-1024x493.png","inLanguage":"fr-FR","potentialAction":[{"@type":"CommentAction","name":"Comment","target":["https:\/\/ascla-ambialet.fr\/index.php\/2025\/09\/16\/exposition-ma-verdier\/#respond"]}]},{"@type":"WebPage","@id":"https:\/\/ascla-ambialet.fr\/index.php\/2025\/09\/16\/exposition-ma-verdier\/","url":"https:\/\/ascla-ambialet.fr\/index.php\/2025\/09\/16\/exposition-ma-verdier\/","name":"Exposition Ma VERDIER - ASCLA","isPartOf":{"@id":"https:\/\/ascla-ambialet.fr\/#website"},"primaryImageOfPage":{"@id":"https:\/\/ascla-ambialet.fr\/index.php\/2025\/09\/16\/exposition-ma-verdier\/#primaryimage"},"image":{"@id":"https:\/\/ascla-ambialet.fr\/index.php\/2025\/09\/16\/exposition-ma-verdier\/#primaryimage"},"thumbnailUrl":"https:\/\/ascla-ambialet.fr\/wp-content\/uploads\/2025\/09\/Vernissage-Marie-Agnes-Verdier-1024x493.png","datePublished":"2025-09-16T20:23:38+00:00","dateModified":"2025-09-16T20:39:19+00:00","breadcrumb":{"@id":"https:\/\/ascla-ambialet.fr\/index.php\/2025\/09\/16\/exposition-ma-verdier\/#breadcrumb"},"inLanguage":"fr-FR","potentialAction":[{"@type":"ReadAction","target":["https:\/\/ascla-ambialet.fr\/index.php\/2025\/09\/16\/exposition-ma-verdier\/"]}]},{"@type":"ImageObject","inLanguage":"fr-FR","@id":"https:\/\/ascla-ambialet.fr\/index.php\/2025\/09\/16\/exposition-ma-verdier\/#primaryimage","url":"https:\/\/ascla-ambialet.fr\/wp-content\/uploads\/2025\/09\/Vernissage-Marie-Agnes-Verdier.png","contentUrl":"https:\/\/ascla-ambialet.fr\/wp-content\/uploads\/2025\/09\/Vernissage-Marie-Agnes-Verdier.png","width":1189,"height":573},{"@type":"BreadcrumbList","@id":"https:\/\/ascla-ambialet.fr\/index.php\/2025\/09\/16\/exposition-ma-verdier\/#breadcrumb","itemListElement":[{"@type":"ListItem","position":1,"name":"Accueil","item":"https:\/\/ascla-ambialet.fr\/"},{"@type":"ListItem","position":2,"name":"Exposition Ma VERDIER"}]},{"@type":"WebSite","@id":"https:\/\/ascla-ambialet.fr\/#website","url":"https:\/\/ascla-ambialet.fr\/","name":"ASCLA","description":"","publisher":{"@id":"https:\/\/ascla-ambialet.fr\/#organization"},"potentialAction":[{"@type":"SearchAction","target":{"@type":"EntryPoint","urlTemplate":"https:\/\/ascla-ambialet.fr\/?s={search_term_string}"},"query-input":{"@type":"PropertyValueSpecification","valueRequired":true,"valueName":"search_term_string"}}],"inLanguage":"fr-FR"},{"@type":"Organization","@id":"https:\/\/ascla-ambialet.fr\/#organization","name":"ASCLA","url":"https:\/\/ascla-ambialet.fr\/","logo":{"@type":"ImageObject","inLanguage":"fr-FR","@id":"https:\/\/ascla-ambialet.fr\/#\/schema\/logo\/image\/","url":"https:\/\/ascla-ambialet.fr\/wp-content\/uploads\/2025\/05\/Design-sans-titre11.png","contentUrl":"https:\/\/ascla-ambialet.fr\/wp-content\/uploads\/2025\/05\/Design-sans-titre11.png","width":800,"height":800,"caption":"ASCLA"},"image":{"@id":"https:\/\/ascla-ambialet.fr\/#\/schema\/logo\/image\/"}},{"@type":"Person","@id":"https:\/\/ascla-ambialet.fr\/#\/schema\/person\/aabb7e21f2ad7092f96a1375ddd51ec3","name":"asclaambbvambialet","image":{"@type":"ImageObject","inLanguage":"fr-FR","@id":"https:\/\/ascla-ambialet.fr\/#\/schema\/person\/image\/","url":"https:\/\/secure.gravatar.com\/avatar\/a686c1a8a93839c48299b050d50f63561d545f752f4295ce6b785711f7f4313a?s=96&d=mm&r=g","contentUrl":"https:\/\/secure.gravatar.com\/avatar\/a686c1a8a93839c48299b050d50f63561d545f752f4295ce6b785711f7f4313a?s=96&d=mm&r=g","caption":"asclaambbvambialet"},"sameAs":["http:\/\/ascla-ambialet.fr"],"url":"https:\/\/ascla-ambialet.fr\/index.php\/author\/asclaambbvambialet\/"}]}},"_links":{"self":[{"href":"https:\/\/ascla-ambialet.fr\/index.php\/wp-json\/wp\/v2\/posts\/1067","targetHints":{"allow":["GET"]}}],"collection":[{"href":"https:\/\/ascla-ambialet.fr\/index.php\/wp-json\/wp\/v2\/posts"}],"about":[{"href":"https:\/\/ascla-ambialet.fr\/index.php\/wp-json\/wp\/v2\/types\/post"}],"author":[{"embeddable":true,"href":"https:\/\/ascla-ambialet.fr\/index.php\/wp-json\/wp\/v2\/users\/1"}],"replies":[{"embeddable":true,"href":"https:\/\/ascla-ambialet.fr\/index.php\/wp-json\/wp\/v2\/comments?post=1067"}],"version-history":[{"count":6,"href":"https:\/\/ascla-ambialet.fr\/index.php\/wp-json\/wp\/v2\/posts\/1067\/revisions"}],"predecessor-version":[{"id":1079,"href":"https:\/\/ascla-ambialet.fr\/index.php\/wp-json\/wp\/v2\/posts\/1067\/revisions\/1079"}],"wp:attachment":[{"href":"https:\/\/ascla-ambialet.fr\/index.php\/wp-json\/wp\/v2\/media?parent=1067"}],"wp:term":[{"taxonomy":"category","embeddable":true,"href":"https:\/\/ascla-ambialet.fr\/index.php\/wp-json\/wp\/v2\/categories?post=1067"},{"taxonomy":"post_tag","embeddable":true,"href":"https:\/\/ascla-ambialet.fr\/index.php\/wp-json\/wp\/v2\/tags?post=1067"}],"curies":[{"name":"wp","href":"https:\/\/api.w.org\/{rel}","templated":true}]}}