{"id":741,"date":"2025-06-16T14:07:31","date_gmt":"2025-06-16T12:07:31","guid":{"rendered":"https:\/\/ascla-ambialet.fr\/?p=741"},"modified":"2025-07-10T15:44:09","modified_gmt":"2025-07-10T13:44:09","slug":"exposition-de-regine-devarrewaere","status":"publish","type":"post","link":"https:\/\/ascla-ambialet.fr\/index.php\/2025\/06\/16\/exposition-de-regine-devarrewaere\/","title":{"rendered":"Exposition de R\u00e9gine DEVARREWAERE"},"content":{"rendered":"\t\t<div data-elementor-type=\"wp-post\" data-elementor-id=\"741\" class=\"elementor elementor-741\">\n\t\t\t\t<div class=\"elementor-element elementor-element-7e7f7d4 e-flex e-con-boxed e-con e-parent\" data-id=\"7e7f7d4\" data-element_type=\"container\">\n\t\t\t\t\t<div class=\"e-con-inner\">\n\t\t\t\t<div class=\"elementor-element elementor-element-3eb271a elementor-widget elementor-widget-image\" data-id=\"3eb271a\" data-element_type=\"widget\" data-widget_type=\"image.default\">\n\t\t\t\t<div class=\"elementor-widget-container\">\n\t\t\t\t\t\t\t\t\t\t\t\t\t\t\t<img fetchpriority=\"high\" decoding=\"async\" width=\"750\" height=\"371\" src=\"https:\/\/ascla-ambialet.fr\/wp-content\/uploads\/2025\/06\/Invitation-Regine-Devarrewaere-1024x506.png\" class=\"attachment-large size-large wp-image-762\" alt=\"\" srcset=\"https:\/\/ascla-ambialet.fr\/wp-content\/uploads\/2025\/06\/Invitation-Regine-Devarrewaere-1024x506.png 1024w, https:\/\/ascla-ambialet.fr\/wp-content\/uploads\/2025\/06\/Invitation-Regine-Devarrewaere-300x148.png 300w, https:\/\/ascla-ambialet.fr\/wp-content\/uploads\/2025\/06\/Invitation-Regine-Devarrewaere-768x380.png 768w, https:\/\/ascla-ambialet.fr\/wp-content\/uploads\/2025\/06\/Invitation-Regine-Devarrewaere.png 1230w\" sizes=\"(max-width: 750px) 100vw, 750px\" \/>\t\t\t\t\t\t\t\t\t\t\t\t\t\t\t<\/div>\n\t\t\t\t<\/div>\n\t\t\t\t\t<\/div>\n\t\t\t\t<\/div>\n\t\t<div class=\"elementor-element elementor-element-de89871 e-flex e-con-boxed e-con e-parent\" data-id=\"de89871\" data-element_type=\"container\">\n\t\t\t\t\t<div class=\"e-con-inner\">\n\t\t\t\t<div class=\"elementor-element elementor-element-d98d426 elementor-widget elementor-widget-heading\" data-id=\"d98d426\" data-element_type=\"widget\" data-widget_type=\"heading.default\">\n\t\t\t\t<div class=\"elementor-widget-container\">\n\t\t\t\t\t<h2 class=\"elementor-heading-title elementor-size-default\">Exposition R\u00e9gine DEVARREWAERE<\/h2>\t\t\t\t<\/div>\n\t\t\t\t<\/div>\n\t\t\t\t<div class=\"elementor-element elementor-element-80a8f6d elementor-widget elementor-widget-text-editor\" data-id=\"80a8f6d\" data-element_type=\"widget\" data-widget_type=\"text-editor.default\">\n\t\t\t\t<div class=\"elementor-widget-container\">\n\t\t\t\t\t\t\t\t\t<p>L\u2019Association Sports Culture et Loisirs d\u2019Ambialet vous invite \u00e0 d\u00e9couvrir l\u2019exposition pr\u00e9sent\u00e9e par R\u00e9gine DEVARREWAERE, qui ouvre la saison 2025.<\/p><p>Vous allez pouvoir admirer toutes les facettes du talent de cette artiste \u00e0 travers cette exposition \u00e9clectique.<\/p><p>Votre regard se portera sur ses cr\u00e9ations textiles\u00a0: des feutrages d\u2019art. Vous serez \u00e9tonn\u00e9s de constater comment ce savoir-faire ancestral peut \u00eatre \u00ab\u00a0d\u00e9tourn\u00e9\u00a0\u00bb afin de cr\u00e9er de magnifiques objets-sculptures. La technique pourrait para\u00eetre simple \u2013 il suffit d\u2019un peu d\u2019eau, de savon, de laine, mais ce n\u2019est qu\u2019une illusion, car pour arriver \u00e0 sculpter ce mat\u00e9riau, lui donner forme tout en respectant l\u2019harmonie des couleurs, il faut la main experte de cette artiste qui r\u00e9alise ainsi des \u0153uvres uniques.<\/p><p>R\u00e9gine DEVARREWAERE est une artiste aux multiples facettes puisqu\u2019elle exposera \u00e9galement ses tableaux, une belle s\u00e9rie de toiles figuratives et une autre, tout aussi belle, d\u2019\u0153uvres abstraites. Elle a \u00e9galement d\u00e9velopp\u00e9 une technique particuli\u00e8re baptis\u00e9e \u00ab\u00a0emprunt\u00e9\u00efsme\u00a0\u00bb\u00a0; gr\u00e2ce \u00e0 des papiers de soie color\u00e9s, dont elle se sert comme d\u2019une palette, elle r\u00e9alise des tableaux, rehauss\u00e9s et sublim\u00e9s par quelques touches expertes de peinture. Une belle d\u00e9couverte.<\/p><p>N\u2019h\u00e9sitez pas \u00e0 rendre visite \u00e0 cette artiste qui vous accueillera en l\u2019\u00e9glise Saint Gilles d\u2019Ambialet tous les apr\u00e8s-midis, de 14 h \u00e0 18 h &#8211; du samedi 21 juin au 2 juillet 2025 &#8211; afin de vous faire d\u00e9couvrir ses \u0153uvres et permettre ainsi les dialogues et \u00e9changes si importants \u00e0 ses yeux, elle dit d\u2019ailleurs tr\u00e8s joliment \u00e0 ce sujet\u00a0: \u00ab\u00a0l\u2019art offre une opportunit\u00e9 unique de se connecter avec les autres, de partager des \u00e9motions et de cr\u00e9er des liens\u00a0\u00bb.<\/p><p>Brigitte MOULIN &#8211; Organisatrice des expositions<\/p>\t\t\t\t\t\t\t\t<\/div>\n\t\t\t\t<\/div>\n\t\t\t\t\t<\/div>\n\t\t\t\t<\/div>\n\t\t\t\t<\/div>\n\t\t","protected":false},"excerpt":{"rendered":"<p>Exposition R\u00e9gine DEVARREWAERE L\u2019Association Sports Culture et Loisirs d\u2019Ambialet vous invite \u00e0 d\u00e9couvrir l\u2019exposition pr\u00e9sent\u00e9e par R\u00e9gine DEVARREWAERE, qui ouvre la saison 2025. Vous allez pouvoir admirer toutes les facettes du talent de cette artiste \u00e0 travers cette exposition \u00e9clectique. Votre regard se portera sur ses cr\u00e9ations textiles\u00a0: des feutrages [&hellip;]<\/p>\n","protected":false},"author":1,"featured_media":0,"comment_status":"open","ping_status":"open","sticky":false,"template":"","format":"standard","meta":{"footnotes":""},"categories":[1],"tags":[],"class_list":["post-741","post","type-post","status-publish","format-standard","hentry","category-non-classe"],"yoast_head":"<!-- This site is optimized with the Yoast SEO plugin v26.1.1 - https:\/\/yoast.com\/wordpress\/plugins\/seo\/ -->\n<title>Exposition de R\u00e9gine DEVARREWAERE - ASCLA<\/title>\n<meta name=\"robots\" content=\"index, follow, max-snippet:-1, max-image-preview:large, max-video-preview:-1\" \/>\n<link rel=\"canonical\" href=\"https:\/\/ascla-ambialet.fr\/index.php\/2025\/06\/16\/exposition-de-regine-devarrewaere\/\" \/>\n<meta property=\"og:locale\" content=\"fr_FR\" \/>\n<meta property=\"og:type\" content=\"article\" \/>\n<meta property=\"og:title\" content=\"Exposition de R\u00e9gine DEVARREWAERE - ASCLA\" \/>\n<meta property=\"og:description\" content=\"Exposition R\u00e9gine DEVARREWAERE L\u2019Association Sports Culture et Loisirs d\u2019Ambialet vous invite \u00e0 d\u00e9couvrir l\u2019exposition pr\u00e9sent\u00e9e par R\u00e9gine DEVARREWAERE, qui ouvre la saison 2025. Vous allez pouvoir admirer toutes les facettes du talent de cette artiste \u00e0 travers cette exposition \u00e9clectique. Votre regard se portera sur ses cr\u00e9ations textiles\u00a0: des feutrages [&hellip;]\" \/>\n<meta property=\"og:url\" content=\"https:\/\/ascla-ambialet.fr\/index.php\/2025\/06\/16\/exposition-de-regine-devarrewaere\/\" \/>\n<meta property=\"og:site_name\" content=\"ASCLA\" \/>\n<meta property=\"article:published_time\" content=\"2025-06-16T12:07:31+00:00\" \/>\n<meta property=\"article:modified_time\" content=\"2025-07-10T13:44:09+00:00\" \/>\n<meta property=\"og:image\" content=\"https:\/\/ascla-ambialet.fr\/wp-content\/uploads\/2025\/06\/Invitation-Regine-Devarrewaere-1024x506.png\" \/>\n<meta name=\"author\" content=\"asclaambbvambialet\" \/>\n<meta name=\"twitter:card\" content=\"summary_large_image\" \/>\n<meta name=\"twitter:label1\" content=\"\u00c9crit par\" \/>\n\t<meta name=\"twitter:data1\" content=\"asclaambbvambialet\" \/>\n\t<meta name=\"twitter:label2\" content=\"Dur\u00e9e de lecture estim\u00e9e\" \/>\n\t<meta name=\"twitter:data2\" content=\"2 minutes\" \/>\n<script type=\"application\/ld+json\" class=\"yoast-schema-graph\">{\"@context\":\"https:\/\/schema.org\",\"@graph\":[{\"@type\":\"Article\",\"@id\":\"https:\/\/ascla-ambialet.fr\/index.php\/2025\/06\/16\/exposition-de-regine-devarrewaere\/#article\",\"isPartOf\":{\"@id\":\"https:\/\/ascla-ambialet.fr\/index.php\/2025\/06\/16\/exposition-de-regine-devarrewaere\/\"},\"author\":{\"name\":\"asclaambbvambialet\",\"@id\":\"https:\/\/ascla-ambialet.fr\/#\/schema\/person\/aabb7e21f2ad7092f96a1375ddd51ec3\"},\"headline\":\"Exposition de R\u00e9gine DEVARREWAERE\",\"datePublished\":\"2025-06-16T12:07:31+00:00\",\"dateModified\":\"2025-07-10T13:44:09+00:00\",\"mainEntityOfPage\":{\"@id\":\"https:\/\/ascla-ambialet.fr\/index.php\/2025\/06\/16\/exposition-de-regine-devarrewaere\/\"},\"wordCount\":308,\"commentCount\":0,\"publisher\":{\"@id\":\"https:\/\/ascla-ambialet.fr\/#organization\"},\"image\":{\"@id\":\"https:\/\/ascla-ambialet.fr\/index.php\/2025\/06\/16\/exposition-de-regine-devarrewaere\/#primaryimage\"},\"thumbnailUrl\":\"https:\/\/ascla-ambialet.fr\/wp-content\/uploads\/2025\/06\/Invitation-Regine-Devarrewaere-1024x506.png\",\"inLanguage\":\"fr-FR\",\"potentialAction\":[{\"@type\":\"CommentAction\",\"name\":\"Comment\",\"target\":[\"https:\/\/ascla-ambialet.fr\/index.php\/2025\/06\/16\/exposition-de-regine-devarrewaere\/#respond\"]}]},{\"@type\":\"WebPage\",\"@id\":\"https:\/\/ascla-ambialet.fr\/index.php\/2025\/06\/16\/exposition-de-regine-devarrewaere\/\",\"url\":\"https:\/\/ascla-ambialet.fr\/index.php\/2025\/06\/16\/exposition-de-regine-devarrewaere\/\",\"name\":\"Exposition de R\u00e9gine DEVARREWAERE - ASCLA\",\"isPartOf\":{\"@id\":\"https:\/\/ascla-ambialet.fr\/#website\"},\"primaryImageOfPage\":{\"@id\":\"https:\/\/ascla-ambialet.fr\/index.php\/2025\/06\/16\/exposition-de-regine-devarrewaere\/#primaryimage\"},\"image\":{\"@id\":\"https:\/\/ascla-ambialet.fr\/index.php\/2025\/06\/16\/exposition-de-regine-devarrewaere\/#primaryimage\"},\"thumbnailUrl\":\"https:\/\/ascla-ambialet.fr\/wp-content\/uploads\/2025\/06\/Invitation-Regine-Devarrewaere-1024x506.png\",\"datePublished\":\"2025-06-16T12:07:31+00:00\",\"dateModified\":\"2025-07-10T13:44:09+00:00\",\"breadcrumb\":{\"@id\":\"https:\/\/ascla-ambialet.fr\/index.php\/2025\/06\/16\/exposition-de-regine-devarrewaere\/#breadcrumb\"},\"inLanguage\":\"fr-FR\",\"potentialAction\":[{\"@type\":\"ReadAction\",\"target\":[\"https:\/\/ascla-ambialet.fr\/index.php\/2025\/06\/16\/exposition-de-regine-devarrewaere\/\"]}]},{\"@type\":\"ImageObject\",\"inLanguage\":\"fr-FR\",\"@id\":\"https:\/\/ascla-ambialet.fr\/index.php\/2025\/06\/16\/exposition-de-regine-devarrewaere\/#primaryimage\",\"url\":\"https:\/\/ascla-ambialet.fr\/wp-content\/uploads\/2025\/06\/Invitation-Regine-Devarrewaere.png\",\"contentUrl\":\"https:\/\/ascla-ambialet.fr\/wp-content\/uploads\/2025\/06\/Invitation-Regine-Devarrewaere.png\",\"width\":1230,\"height\":608},{\"@type\":\"BreadcrumbList\",\"@id\":\"https:\/\/ascla-ambialet.fr\/index.php\/2025\/06\/16\/exposition-de-regine-devarrewaere\/#breadcrumb\",\"itemListElement\":[{\"@type\":\"ListItem\",\"position\":1,\"name\":\"Accueil\",\"item\":\"https:\/\/ascla-ambialet.fr\/\"},{\"@type\":\"ListItem\",\"position\":2,\"name\":\"Exposition de R\u00e9gine DEVARREWAERE\"}]},{\"@type\":\"WebSite\",\"@id\":\"https:\/\/ascla-ambialet.fr\/#website\",\"url\":\"https:\/\/ascla-ambialet.fr\/\",\"name\":\"ASCLA\",\"description\":\"\",\"publisher\":{\"@id\":\"https:\/\/ascla-ambialet.fr\/#organization\"},\"potentialAction\":[{\"@type\":\"SearchAction\",\"target\":{\"@type\":\"EntryPoint\",\"urlTemplate\":\"https:\/\/ascla-ambialet.fr\/?s={search_term_string}\"},\"query-input\":{\"@type\":\"PropertyValueSpecification\",\"valueRequired\":true,\"valueName\":\"search_term_string\"}}],\"inLanguage\":\"fr-FR\"},{\"@type\":\"Organization\",\"@id\":\"https:\/\/ascla-ambialet.fr\/#organization\",\"name\":\"ASCLA\",\"url\":\"https:\/\/ascla-ambialet.fr\/\",\"logo\":{\"@type\":\"ImageObject\",\"inLanguage\":\"fr-FR\",\"@id\":\"https:\/\/ascla-ambialet.fr\/#\/schema\/logo\/image\/\",\"url\":\"https:\/\/ascla-ambialet.fr\/wp-content\/uploads\/2025\/05\/Design-sans-titre11.png\",\"contentUrl\":\"https:\/\/ascla-ambialet.fr\/wp-content\/uploads\/2025\/05\/Design-sans-titre11.png\",\"width\":800,\"height\":800,\"caption\":\"ASCLA\"},\"image\":{\"@id\":\"https:\/\/ascla-ambialet.fr\/#\/schema\/logo\/image\/\"}},{\"@type\":\"Person\",\"@id\":\"https:\/\/ascla-ambialet.fr\/#\/schema\/person\/aabb7e21f2ad7092f96a1375ddd51ec3\",\"name\":\"asclaambbvambialet\",\"image\":{\"@type\":\"ImageObject\",\"inLanguage\":\"fr-FR\",\"@id\":\"https:\/\/ascla-ambialet.fr\/#\/schema\/person\/image\/\",\"url\":\"https:\/\/secure.gravatar.com\/avatar\/a686c1a8a93839c48299b050d50f63561d545f752f4295ce6b785711f7f4313a?s=96&d=mm&r=g\",\"contentUrl\":\"https:\/\/secure.gravatar.com\/avatar\/a686c1a8a93839c48299b050d50f63561d545f752f4295ce6b785711f7f4313a?s=96&d=mm&r=g\",\"caption\":\"asclaambbvambialet\"},\"sameAs\":[\"http:\/\/ascla-ambialet.fr\"],\"url\":\"https:\/\/ascla-ambialet.fr\/index.php\/author\/asclaambbvambialet\/\"}]}<\/script>\n<!-- \/ Yoast SEO plugin. -->","yoast_head_json":{"title":"Exposition de R\u00e9gine DEVARREWAERE - ASCLA","robots":{"index":"index","follow":"follow","max-snippet":"max-snippet:-1","max-image-preview":"max-image-preview:large","max-video-preview":"max-video-preview:-1"},"canonical":"https:\/\/ascla-ambialet.fr\/index.php\/2025\/06\/16\/exposition-de-regine-devarrewaere\/","og_locale":"fr_FR","og_type":"article","og_title":"Exposition de R\u00e9gine DEVARREWAERE - ASCLA","og_description":"Exposition R\u00e9gine DEVARREWAERE L\u2019Association Sports Culture et Loisirs d\u2019Ambialet vous invite \u00e0 d\u00e9couvrir l\u2019exposition pr\u00e9sent\u00e9e par R\u00e9gine DEVARREWAERE, qui ouvre la saison 2025. Vous allez pouvoir admirer toutes les facettes du talent de cette artiste \u00e0 travers cette exposition \u00e9clectique. Votre regard se portera sur ses cr\u00e9ations textiles\u00a0: des feutrages [&hellip;]","og_url":"https:\/\/ascla-ambialet.fr\/index.php\/2025\/06\/16\/exposition-de-regine-devarrewaere\/","og_site_name":"ASCLA","article_published_time":"2025-06-16T12:07:31+00:00","article_modified_time":"2025-07-10T13:44:09+00:00","og_image":[{"url":"https:\/\/ascla-ambialet.fr\/wp-content\/uploads\/2025\/06\/Invitation-Regine-Devarrewaere-1024x506.png","type":"","width":"","height":""}],"author":"asclaambbvambialet","twitter_card":"summary_large_image","twitter_misc":{"\u00c9crit par":"asclaambbvambialet","Dur\u00e9e de lecture estim\u00e9e":"2 minutes"},"schema":{"@context":"https:\/\/schema.org","@graph":[{"@type":"Article","@id":"https:\/\/ascla-ambialet.fr\/index.php\/2025\/06\/16\/exposition-de-regine-devarrewaere\/#article","isPartOf":{"@id":"https:\/\/ascla-ambialet.fr\/index.php\/2025\/06\/16\/exposition-de-regine-devarrewaere\/"},"author":{"name":"asclaambbvambialet","@id":"https:\/\/ascla-ambialet.fr\/#\/schema\/person\/aabb7e21f2ad7092f96a1375ddd51ec3"},"headline":"Exposition de R\u00e9gine DEVARREWAERE","datePublished":"2025-06-16T12:07:31+00:00","dateModified":"2025-07-10T13:44:09+00:00","mainEntityOfPage":{"@id":"https:\/\/ascla-ambialet.fr\/index.php\/2025\/06\/16\/exposition-de-regine-devarrewaere\/"},"wordCount":308,"commentCount":0,"publisher":{"@id":"https:\/\/ascla-ambialet.fr\/#organization"},"image":{"@id":"https:\/\/ascla-ambialet.fr\/index.php\/2025\/06\/16\/exposition-de-regine-devarrewaere\/#primaryimage"},"thumbnailUrl":"https:\/\/ascla-ambialet.fr\/wp-content\/uploads\/2025\/06\/Invitation-Regine-Devarrewaere-1024x506.png","inLanguage":"fr-FR","potentialAction":[{"@type":"CommentAction","name":"Comment","target":["https:\/\/ascla-ambialet.fr\/index.php\/2025\/06\/16\/exposition-de-regine-devarrewaere\/#respond"]}]},{"@type":"WebPage","@id":"https:\/\/ascla-ambialet.fr\/index.php\/2025\/06\/16\/exposition-de-regine-devarrewaere\/","url":"https:\/\/ascla-ambialet.fr\/index.php\/2025\/06\/16\/exposition-de-regine-devarrewaere\/","name":"Exposition de R\u00e9gine DEVARREWAERE - ASCLA","isPartOf":{"@id":"https:\/\/ascla-ambialet.fr\/#website"},"primaryImageOfPage":{"@id":"https:\/\/ascla-ambialet.fr\/index.php\/2025\/06\/16\/exposition-de-regine-devarrewaere\/#primaryimage"},"image":{"@id":"https:\/\/ascla-ambialet.fr\/index.php\/2025\/06\/16\/exposition-de-regine-devarrewaere\/#primaryimage"},"thumbnailUrl":"https:\/\/ascla-ambialet.fr\/wp-content\/uploads\/2025\/06\/Invitation-Regine-Devarrewaere-1024x506.png","datePublished":"2025-06-16T12:07:31+00:00","dateModified":"2025-07-10T13:44:09+00:00","breadcrumb":{"@id":"https:\/\/ascla-ambialet.fr\/index.php\/2025\/06\/16\/exposition-de-regine-devarrewaere\/#breadcrumb"},"inLanguage":"fr-FR","potentialAction":[{"@type":"ReadAction","target":["https:\/\/ascla-ambialet.fr\/index.php\/2025\/06\/16\/exposition-de-regine-devarrewaere\/"]}]},{"@type":"ImageObject","inLanguage":"fr-FR","@id":"https:\/\/ascla-ambialet.fr\/index.php\/2025\/06\/16\/exposition-de-regine-devarrewaere\/#primaryimage","url":"https:\/\/ascla-ambialet.fr\/wp-content\/uploads\/2025\/06\/Invitation-Regine-Devarrewaere.png","contentUrl":"https:\/\/ascla-ambialet.fr\/wp-content\/uploads\/2025\/06\/Invitation-Regine-Devarrewaere.png","width":1230,"height":608},{"@type":"BreadcrumbList","@id":"https:\/\/ascla-ambialet.fr\/index.php\/2025\/06\/16\/exposition-de-regine-devarrewaere\/#breadcrumb","itemListElement":[{"@type":"ListItem","position":1,"name":"Accueil","item":"https:\/\/ascla-ambialet.fr\/"},{"@type":"ListItem","position":2,"name":"Exposition de R\u00e9gine DEVARREWAERE"}]},{"@type":"WebSite","@id":"https:\/\/ascla-ambialet.fr\/#website","url":"https:\/\/ascla-ambialet.fr\/","name":"ASCLA","description":"","publisher":{"@id":"https:\/\/ascla-ambialet.fr\/#organization"},"potentialAction":[{"@type":"SearchAction","target":{"@type":"EntryPoint","urlTemplate":"https:\/\/ascla-ambialet.fr\/?s={search_term_string}"},"query-input":{"@type":"PropertyValueSpecification","valueRequired":true,"valueName":"search_term_string"}}],"inLanguage":"fr-FR"},{"@type":"Organization","@id":"https:\/\/ascla-ambialet.fr\/#organization","name":"ASCLA","url":"https:\/\/ascla-ambialet.fr\/","logo":{"@type":"ImageObject","inLanguage":"fr-FR","@id":"https:\/\/ascla-ambialet.fr\/#\/schema\/logo\/image\/","url":"https:\/\/ascla-ambialet.fr\/wp-content\/uploads\/2025\/05\/Design-sans-titre11.png","contentUrl":"https:\/\/ascla-ambialet.fr\/wp-content\/uploads\/2025\/05\/Design-sans-titre11.png","width":800,"height":800,"caption":"ASCLA"},"image":{"@id":"https:\/\/ascla-ambialet.fr\/#\/schema\/logo\/image\/"}},{"@type":"Person","@id":"https:\/\/ascla-ambialet.fr\/#\/schema\/person\/aabb7e21f2ad7092f96a1375ddd51ec3","name":"asclaambbvambialet","image":{"@type":"ImageObject","inLanguage":"fr-FR","@id":"https:\/\/ascla-ambialet.fr\/#\/schema\/person\/image\/","url":"https:\/\/secure.gravatar.com\/avatar\/a686c1a8a93839c48299b050d50f63561d545f752f4295ce6b785711f7f4313a?s=96&d=mm&r=g","contentUrl":"https:\/\/secure.gravatar.com\/avatar\/a686c1a8a93839c48299b050d50f63561d545f752f4295ce6b785711f7f4313a?s=96&d=mm&r=g","caption":"asclaambbvambialet"},"sameAs":["http:\/\/ascla-ambialet.fr"],"url":"https:\/\/ascla-ambialet.fr\/index.php\/author\/asclaambbvambialet\/"}]}},"_links":{"self":[{"href":"https:\/\/ascla-ambialet.fr\/index.php\/wp-json\/wp\/v2\/posts\/741","targetHints":{"allow":["GET"]}}],"collection":[{"href":"https:\/\/ascla-ambialet.fr\/index.php\/wp-json\/wp\/v2\/posts"}],"about":[{"href":"https:\/\/ascla-ambialet.fr\/index.php\/wp-json\/wp\/v2\/types\/post"}],"author":[{"embeddable":true,"href":"https:\/\/ascla-ambialet.fr\/index.php\/wp-json\/wp\/v2\/users\/1"}],"replies":[{"embeddable":true,"href":"https:\/\/ascla-ambialet.fr\/index.php\/wp-json\/wp\/v2\/comments?post=741"}],"version-history":[{"count":23,"href":"https:\/\/ascla-ambialet.fr\/index.php\/wp-json\/wp\/v2\/posts\/741\/revisions"}],"predecessor-version":[{"id":953,"href":"https:\/\/ascla-ambialet.fr\/index.php\/wp-json\/wp\/v2\/posts\/741\/revisions\/953"}],"wp:attachment":[{"href":"https:\/\/ascla-ambialet.fr\/index.php\/wp-json\/wp\/v2\/media?parent=741"}],"wp:term":[{"taxonomy":"category","embeddable":true,"href":"https:\/\/ascla-ambialet.fr\/index.php\/wp-json\/wp\/v2\/categories?post=741"},{"taxonomy":"post_tag","embeddable":true,"href":"https:\/\/ascla-ambialet.fr\/index.php\/wp-json\/wp\/v2\/tags?post=741"}],"curies":[{"name":"wp","href":"https:\/\/api.w.org\/{rel}","templated":true}]}}