{"id":936,"date":"2025-07-10T15:33:17","date_gmt":"2025-07-10T13:33:17","guid":{"rendered":"https:\/\/ascla-ambialet.fr\/?p=936"},"modified":"2025-07-10T15:42:55","modified_gmt":"2025-07-10T13:42:55","slug":"exposition-olga-astorg-zayakina-et-nicolas-bonnafous","status":"publish","type":"post","link":"https:\/\/ascla-ambialet.fr\/index.php\/2025\/07\/10\/exposition-olga-astorg-zayakina-et-nicolas-bonnafous\/","title":{"rendered":"Exposition Olga Astorg ZAYAKINA et Nicolas BONNAFOUS"},"content":{"rendered":"\t\t<div data-elementor-type=\"wp-post\" data-elementor-id=\"936\" class=\"elementor elementor-936\">\n\t\t\t\t<div class=\"elementor-element elementor-element-8846178 e-flex e-con-boxed e-con e-parent\" data-id=\"8846178\" data-element_type=\"container\">\n\t\t\t\t\t<div class=\"e-con-inner\">\n\t\t\t\t<div class=\"elementor-element elementor-element-b52ce95 elementor-widget elementor-widget-image\" data-id=\"b52ce95\" data-element_type=\"widget\" data-widget_type=\"image.default\">\n\t\t\t\t<div class=\"elementor-widget-container\">\n\t\t\t\t\t\t\t\t\t\t\t\t\t\t\t<img fetchpriority=\"high\" decoding=\"async\" width=\"580\" height=\"268\" src=\"https:\/\/ascla-ambialet.fr\/wp-content\/uploads\/2025\/07\/OlgaNicolas.jpg\" class=\"attachment-large size-large wp-image-937\" alt=\"\" srcset=\"https:\/\/ascla-ambialet.fr\/wp-content\/uploads\/2025\/07\/OlgaNicolas.jpg 580w, https:\/\/ascla-ambialet.fr\/wp-content\/uploads\/2025\/07\/OlgaNicolas-300x139.jpg 300w\" sizes=\"(max-width: 580px) 100vw, 580px\" \/>\t\t\t\t\t\t\t\t\t\t\t\t\t\t\t<\/div>\n\t\t\t\t<\/div>\n\t\t\t\t\t<\/div>\n\t\t\t\t<\/div>\n\t\t<div class=\"elementor-element elementor-element-10ce207 e-flex e-con-boxed e-con e-parent\" data-id=\"10ce207\" data-element_type=\"container\">\n\t\t\t\t\t<div class=\"e-con-inner\">\n\t\t\t\t<div class=\"elementor-element elementor-element-da4cac6 elementor-widget elementor-widget-heading\" data-id=\"da4cac6\" data-element_type=\"widget\" data-widget_type=\"heading.default\">\n\t\t\t\t<div class=\"elementor-widget-container\">\n\t\t\t\t\t<h2 class=\"elementor-heading-title elementor-size-default\">Exposition Olga ASTORG-ZAYAKINA et Nicolas BONNAFOUS<\/h2>\t\t\t\t<\/div>\n\t\t\t\t<\/div>\n\t\t\t\t\t<\/div>\n\t\t\t\t<\/div>\n\t\t<div class=\"elementor-element elementor-element-f2c14ba e-flex e-con-boxed e-con e-parent\" data-id=\"f2c14ba\" data-element_type=\"container\">\n\t\t\t\t\t<div class=\"e-con-inner\">\n\t\t\t\t<div class=\"elementor-element elementor-element-af92611 elementor-widget elementor-widget-text-editor\" data-id=\"af92611\" data-element_type=\"widget\" data-widget_type=\"text-editor.default\">\n\t\t\t\t<div class=\"elementor-widget-container\">\n\t\t\t\t\t\t\t\t\t<p>C\u2019est une exposition \u00ab\u00a0insolite et in\u00e9dite\u00a0\u00bb que l\u2019Association Sport Culture et Loisirs d\u2019Ambialet (ASCLA) vous invite \u00e0 d\u00e9couvrir en l\u2019\u00e9glise Saint Gilles d\u2019Ambialet du 4 au 23 juillet 2025. Cette exposition est avant tout la concr\u00e9tisation d\u2019une improbable rencontre entre deux artistes \u00f4 combien diff\u00e9rents, une iconographe, <strong>Olga ASTORG-ZAYAKINA<\/strong> et un peintre abstrait aux techniques mixtes, <strong>Nicolas BONNAFOUS<\/strong>.<\/p><p>Nous allons nous laisser guider \u00e0 travers deux univers artistiques que l\u2019on pourrait qualifier de diam\u00e9tralement oppos\u00e9s, le premier univers \u2013 la r\u00e9alisation d\u2019ic\u00f4nes \u2013 est figuratif, tr\u00e8s codifi\u00e9 et s\u2019inscrit dans le strict respect de la transmission d\u2019un savoir et de techniques ancestrales\u00a0; le second \u2013 l\u2019art abstrait \u2013 est le reflet de l\u2019immat\u00e9riel et de l\u2019imagination. Contrairement au pr\u00e9c\u00e9dent, il est sans limite aucune y compris au niveau des techniques. C\u2019est l\u00e0 que la magie artistique intervient car, au final, Olga et Nicolas se sont rejoints dans la m\u00eame recherche d\u2019un chemin de spiritualit\u00e9 et d\u2019esth\u00e9tisme au travers de l\u2019art. Ils nous pr\u00e9sentent ainsi leur exposition qui s\u2019entend comme un dialogue visuel au travers des tableaux et des ic\u00f4nes, o\u00f9 les \u0153uvres se r\u00e9pondent ou s\u2019interrogent avec en point d\u2019orgue une toile r\u00e9alis\u00e9e \u00e0 4 mains, sp\u00e9cialement pour cette occasion. Une belle initiative et un bien beau cadeau.<\/p><p>Il est difficile de pr\u00e9senter en quelques lignes ces deux artistes tant la richesse et la complexit\u00e9 de leur travail n\u00e9cessiterait plusieurs chapitres\u2026<\/p><p><strong>Olga ASTORG-ZAYAKINA<\/strong> a suivi un enseignement classique aux Beaux-Arts, dans sa Russie natale. C\u2019est \u00e0 Saint P\u00e9tersbourg, apr\u00e8s des \u00e9tudes de d\u00e9coration et de restauration d\u2019\u0153uvres anciennes, qu\u2019elle \u00e9tudie pour devenir iconographe. Elle explique que les r\u00e8gles et les canons sont transmis par un iconographe \u00e0 un autre et ce, depuis le 3<sup>\u00e8me<\/sup> si\u00e8cle. Les techniques traditionnelles sont donc immuables. L\u2019iconographe ne peut pas et ne doit pas \u00ab\u00a0inventer\u00a0\u00bb, il doit respecter et perp\u00e9tuer ainsi cette tradition mill\u00e9naire le plus scrupuleusement possible, avec beaucoup de respect. Olga ASTORG-ZAYAKINA transmet \u00e0 son tour ce savoir et permet ainsi \u00e0 des \u00e9l\u00e8ves de venir r\u00e9aliser des icones lors de stages. Elle organise \u00e9galement des conf\u00e9rences historiques sur ce sujet, notamment \u00e0 \u00ab\u00a0l\u2019Universit\u00e9 pour tous\u00a0\u00bb \u00e0 Albi. Nous pourrons en outre admirer des toiles de sa propre composition.<\/p><p><strong>Nicolas BONNAFOUS<\/strong>, artiste autodidacte, est d\u00e9sormais un \u00ab\u00a0habitu\u00e9\u00a0\u00bb des expositions en l\u2019\u00e9glise Saint Gilles d\u2019Ambialet. Ce peintre abstrait, aux multiples talents, sculpteur, \u00e9crivain et po\u00e8te, nous \u00e9merveille toujours avec la fulgurance lumineuse de ses toiles. Il dit qu\u2019il plonge dans la peinture comme dans les mots, afin de retranscrire un sentiment, jusqu\u2019\u00e0 l\u2019\u00e9quilibre visuel\u00a0; c\u2019est \u00e0 ce moment-l\u00e0 qu\u2019il sait que sa toile est termin\u00e9e. C\u2019est donc gr\u00e2ce \u00e0 un imaginaire peaufin\u00e9, qui prend souvent sa source dans la nature ou dans ses questionnements philosophiques, qu\u2019il exprime sa cr\u00e9ativit\u00e9. Ses toiles emplies de lumi\u00e8re, sa ma\u00eetrise de la couleur et de ses associations, se r\u00e9v\u00e8lent \u00eatre une d\u00e9couverte \u00e0 chacune de ses expositions. La s\u00e9r\u00e9nit\u00e9 et la beaut\u00e9 qui en \u00e9manent ne peuvent qu\u2019interpeller les personnes qui s\u2019en approchent.<\/p><p>Nous allons donc pouvoir cheminer dans l\u2019univers de ces deux artistes si diff\u00e9rents, qui ont pourtant su trouver un langage commun.<\/p><p>Brigitte MOULIN \u2013 Organisatrice des expositions<\/p>\t\t\t\t\t\t\t\t<\/div>\n\t\t\t\t<\/div>\n\t\t\t\t\t<\/div>\n\t\t\t\t<\/div>\n\t\t\t\t<\/div>\n\t\t","protected":false},"excerpt":{"rendered":"<p>Exposition Olga ASTORG-ZAYAKINA et Nicolas BONNAFOUS C\u2019est une exposition \u00ab\u00a0insolite et in\u00e9dite\u00a0\u00bb que l\u2019Association Sport Culture et Loisirs d\u2019Ambialet (ASCLA) vous invite \u00e0 d\u00e9couvrir en l\u2019\u00e9glise Saint Gilles d\u2019Ambialet du 4 au 23 juillet 2025. Cette exposition est avant tout la concr\u00e9tisation d\u2019une improbable rencontre entre deux artistes \u00f4 combien [&hellip;]<\/p>\n","protected":false},"author":1,"featured_media":0,"comment_status":"open","ping_status":"open","sticky":false,"template":"","format":"standard","meta":{"footnotes":""},"categories":[1],"tags":[],"class_list":["post-936","post","type-post","status-publish","format-standard","hentry","category-non-classe"],"yoast_head":"<!-- This site is optimized with the Yoast SEO plugin v26.1.1 - https:\/\/yoast.com\/wordpress\/plugins\/seo\/ -->\n<title>Exposition Olga Astorg ZAYAKINA et Nicolas BONNAFOUS - ASCLA<\/title>\n<meta name=\"robots\" content=\"index, follow, max-snippet:-1, max-image-preview:large, max-video-preview:-1\" \/>\n<link rel=\"canonical\" href=\"https:\/\/ascla-ambialet.fr\/index.php\/2025\/07\/10\/exposition-olga-astorg-zayakina-et-nicolas-bonnafous\/\" \/>\n<meta property=\"og:locale\" content=\"fr_FR\" \/>\n<meta property=\"og:type\" content=\"article\" \/>\n<meta property=\"og:title\" content=\"Exposition Olga Astorg ZAYAKINA et Nicolas BONNAFOUS - ASCLA\" \/>\n<meta property=\"og:description\" content=\"Exposition Olga ASTORG-ZAYAKINA et Nicolas BONNAFOUS C\u2019est une exposition \u00ab\u00a0insolite et in\u00e9dite\u00a0\u00bb que l\u2019Association Sport Culture et Loisirs d\u2019Ambialet (ASCLA) vous invite \u00e0 d\u00e9couvrir en l\u2019\u00e9glise Saint Gilles d\u2019Ambialet du 4 au 23 juillet 2025. Cette exposition est avant tout la concr\u00e9tisation d\u2019une improbable rencontre entre deux artistes \u00f4 combien [&hellip;]\" \/>\n<meta property=\"og:url\" content=\"https:\/\/ascla-ambialet.fr\/index.php\/2025\/07\/10\/exposition-olga-astorg-zayakina-et-nicolas-bonnafous\/\" \/>\n<meta property=\"og:site_name\" content=\"ASCLA\" \/>\n<meta property=\"article:published_time\" content=\"2025-07-10T13:33:17+00:00\" \/>\n<meta property=\"article:modified_time\" content=\"2025-07-10T13:42:55+00:00\" \/>\n<meta property=\"og:image\" content=\"https:\/\/ascla-ambialet.fr\/wp-content\/uploads\/2025\/07\/OlgaNicolas.jpg\" \/>\n<meta name=\"author\" content=\"asclaambbvambialet\" \/>\n<meta name=\"twitter:card\" content=\"summary_large_image\" \/>\n<meta name=\"twitter:label1\" content=\"\u00c9crit par\" \/>\n\t<meta name=\"twitter:data1\" content=\"asclaambbvambialet\" \/>\n\t<meta name=\"twitter:label2\" content=\"Dur\u00e9e de lecture estim\u00e9e\" \/>\n\t<meta name=\"twitter:data2\" content=\"3 minutes\" \/>\n<script type=\"application\/ld+json\" class=\"yoast-schema-graph\">{\"@context\":\"https:\/\/schema.org\",\"@graph\":[{\"@type\":\"Article\",\"@id\":\"https:\/\/ascla-ambialet.fr\/index.php\/2025\/07\/10\/exposition-olga-astorg-zayakina-et-nicolas-bonnafous\/#article\",\"isPartOf\":{\"@id\":\"https:\/\/ascla-ambialet.fr\/index.php\/2025\/07\/10\/exposition-olga-astorg-zayakina-et-nicolas-bonnafous\/\"},\"author\":{\"name\":\"asclaambbvambialet\",\"@id\":\"https:\/\/ascla-ambialet.fr\/#\/schema\/person\/aabb7e21f2ad7092f96a1375ddd51ec3\"},\"headline\":\"Exposition Olga Astorg ZAYAKINA et Nicolas BONNAFOUS\",\"datePublished\":\"2025-07-10T13:33:17+00:00\",\"dateModified\":\"2025-07-10T13:42:55+00:00\",\"mainEntityOfPage\":{\"@id\":\"https:\/\/ascla-ambialet.fr\/index.php\/2025\/07\/10\/exposition-olga-astorg-zayakina-et-nicolas-bonnafous\/\"},\"wordCount\":594,\"commentCount\":0,\"publisher\":{\"@id\":\"https:\/\/ascla-ambialet.fr\/#organization\"},\"image\":{\"@id\":\"https:\/\/ascla-ambialet.fr\/index.php\/2025\/07\/10\/exposition-olga-astorg-zayakina-et-nicolas-bonnafous\/#primaryimage\"},\"thumbnailUrl\":\"https:\/\/ascla-ambialet.fr\/wp-content\/uploads\/2025\/07\/OlgaNicolas.jpg\",\"inLanguage\":\"fr-FR\",\"potentialAction\":[{\"@type\":\"CommentAction\",\"name\":\"Comment\",\"target\":[\"https:\/\/ascla-ambialet.fr\/index.php\/2025\/07\/10\/exposition-olga-astorg-zayakina-et-nicolas-bonnafous\/#respond\"]}]},{\"@type\":\"WebPage\",\"@id\":\"https:\/\/ascla-ambialet.fr\/index.php\/2025\/07\/10\/exposition-olga-astorg-zayakina-et-nicolas-bonnafous\/\",\"url\":\"https:\/\/ascla-ambialet.fr\/index.php\/2025\/07\/10\/exposition-olga-astorg-zayakina-et-nicolas-bonnafous\/\",\"name\":\"Exposition Olga Astorg ZAYAKINA et Nicolas BONNAFOUS - ASCLA\",\"isPartOf\":{\"@id\":\"https:\/\/ascla-ambialet.fr\/#website\"},\"primaryImageOfPage\":{\"@id\":\"https:\/\/ascla-ambialet.fr\/index.php\/2025\/07\/10\/exposition-olga-astorg-zayakina-et-nicolas-bonnafous\/#primaryimage\"},\"image\":{\"@id\":\"https:\/\/ascla-ambialet.fr\/index.php\/2025\/07\/10\/exposition-olga-astorg-zayakina-et-nicolas-bonnafous\/#primaryimage\"},\"thumbnailUrl\":\"https:\/\/ascla-ambialet.fr\/wp-content\/uploads\/2025\/07\/OlgaNicolas.jpg\",\"datePublished\":\"2025-07-10T13:33:17+00:00\",\"dateModified\":\"2025-07-10T13:42:55+00:00\",\"breadcrumb\":{\"@id\":\"https:\/\/ascla-ambialet.fr\/index.php\/2025\/07\/10\/exposition-olga-astorg-zayakina-et-nicolas-bonnafous\/#breadcrumb\"},\"inLanguage\":\"fr-FR\",\"potentialAction\":[{\"@type\":\"ReadAction\",\"target\":[\"https:\/\/ascla-ambialet.fr\/index.php\/2025\/07\/10\/exposition-olga-astorg-zayakina-et-nicolas-bonnafous\/\"]}]},{\"@type\":\"ImageObject\",\"inLanguage\":\"fr-FR\",\"@id\":\"https:\/\/ascla-ambialet.fr\/index.php\/2025\/07\/10\/exposition-olga-astorg-zayakina-et-nicolas-bonnafous\/#primaryimage\",\"url\":\"https:\/\/ascla-ambialet.fr\/wp-content\/uploads\/2025\/07\/OlgaNicolas.jpg\",\"contentUrl\":\"https:\/\/ascla-ambialet.fr\/wp-content\/uploads\/2025\/07\/OlgaNicolas.jpg\",\"width\":580,\"height\":268},{\"@type\":\"BreadcrumbList\",\"@id\":\"https:\/\/ascla-ambialet.fr\/index.php\/2025\/07\/10\/exposition-olga-astorg-zayakina-et-nicolas-bonnafous\/#breadcrumb\",\"itemListElement\":[{\"@type\":\"ListItem\",\"position\":1,\"name\":\"Accueil\",\"item\":\"https:\/\/ascla-ambialet.fr\/\"},{\"@type\":\"ListItem\",\"position\":2,\"name\":\"Exposition Olga Astorg ZAYAKINA et Nicolas BONNAFOUS\"}]},{\"@type\":\"WebSite\",\"@id\":\"https:\/\/ascla-ambialet.fr\/#website\",\"url\":\"https:\/\/ascla-ambialet.fr\/\",\"name\":\"ASCLA\",\"description\":\"\",\"publisher\":{\"@id\":\"https:\/\/ascla-ambialet.fr\/#organization\"},\"potentialAction\":[{\"@type\":\"SearchAction\",\"target\":{\"@type\":\"EntryPoint\",\"urlTemplate\":\"https:\/\/ascla-ambialet.fr\/?s={search_term_string}\"},\"query-input\":{\"@type\":\"PropertyValueSpecification\",\"valueRequired\":true,\"valueName\":\"search_term_string\"}}],\"inLanguage\":\"fr-FR\"},{\"@type\":\"Organization\",\"@id\":\"https:\/\/ascla-ambialet.fr\/#organization\",\"name\":\"ASCLA\",\"url\":\"https:\/\/ascla-ambialet.fr\/\",\"logo\":{\"@type\":\"ImageObject\",\"inLanguage\":\"fr-FR\",\"@id\":\"https:\/\/ascla-ambialet.fr\/#\/schema\/logo\/image\/\",\"url\":\"https:\/\/ascla-ambialet.fr\/wp-content\/uploads\/2025\/05\/Design-sans-titre11.png\",\"contentUrl\":\"https:\/\/ascla-ambialet.fr\/wp-content\/uploads\/2025\/05\/Design-sans-titre11.png\",\"width\":800,\"height\":800,\"caption\":\"ASCLA\"},\"image\":{\"@id\":\"https:\/\/ascla-ambialet.fr\/#\/schema\/logo\/image\/\"}},{\"@type\":\"Person\",\"@id\":\"https:\/\/ascla-ambialet.fr\/#\/schema\/person\/aabb7e21f2ad7092f96a1375ddd51ec3\",\"name\":\"asclaambbvambialet\",\"image\":{\"@type\":\"ImageObject\",\"inLanguage\":\"fr-FR\",\"@id\":\"https:\/\/ascla-ambialet.fr\/#\/schema\/person\/image\/\",\"url\":\"https:\/\/secure.gravatar.com\/avatar\/a686c1a8a93839c48299b050d50f63561d545f752f4295ce6b785711f7f4313a?s=96&d=mm&r=g\",\"contentUrl\":\"https:\/\/secure.gravatar.com\/avatar\/a686c1a8a93839c48299b050d50f63561d545f752f4295ce6b785711f7f4313a?s=96&d=mm&r=g\",\"caption\":\"asclaambbvambialet\"},\"sameAs\":[\"http:\/\/ascla-ambialet.fr\"],\"url\":\"https:\/\/ascla-ambialet.fr\/index.php\/author\/asclaambbvambialet\/\"}]}<\/script>\n<!-- \/ Yoast SEO plugin. -->","yoast_head_json":{"title":"Exposition Olga Astorg ZAYAKINA et Nicolas BONNAFOUS - ASCLA","robots":{"index":"index","follow":"follow","max-snippet":"max-snippet:-1","max-image-preview":"max-image-preview:large","max-video-preview":"max-video-preview:-1"},"canonical":"https:\/\/ascla-ambialet.fr\/index.php\/2025\/07\/10\/exposition-olga-astorg-zayakina-et-nicolas-bonnafous\/","og_locale":"fr_FR","og_type":"article","og_title":"Exposition Olga Astorg ZAYAKINA et Nicolas BONNAFOUS - ASCLA","og_description":"Exposition Olga ASTORG-ZAYAKINA et Nicolas BONNAFOUS C\u2019est une exposition \u00ab\u00a0insolite et in\u00e9dite\u00a0\u00bb que l\u2019Association Sport Culture et Loisirs d\u2019Ambialet (ASCLA) vous invite \u00e0 d\u00e9couvrir en l\u2019\u00e9glise Saint Gilles d\u2019Ambialet du 4 au 23 juillet 2025. Cette exposition est avant tout la concr\u00e9tisation d\u2019une improbable rencontre entre deux artistes \u00f4 combien [&hellip;]","og_url":"https:\/\/ascla-ambialet.fr\/index.php\/2025\/07\/10\/exposition-olga-astorg-zayakina-et-nicolas-bonnafous\/","og_site_name":"ASCLA","article_published_time":"2025-07-10T13:33:17+00:00","article_modified_time":"2025-07-10T13:42:55+00:00","og_image":[{"url":"https:\/\/ascla-ambialet.fr\/wp-content\/uploads\/2025\/07\/OlgaNicolas.jpg","type":"","width":"","height":""}],"author":"asclaambbvambialet","twitter_card":"summary_large_image","twitter_misc":{"\u00c9crit par":"asclaambbvambialet","Dur\u00e9e de lecture estim\u00e9e":"3 minutes"},"schema":{"@context":"https:\/\/schema.org","@graph":[{"@type":"Article","@id":"https:\/\/ascla-ambialet.fr\/index.php\/2025\/07\/10\/exposition-olga-astorg-zayakina-et-nicolas-bonnafous\/#article","isPartOf":{"@id":"https:\/\/ascla-ambialet.fr\/index.php\/2025\/07\/10\/exposition-olga-astorg-zayakina-et-nicolas-bonnafous\/"},"author":{"name":"asclaambbvambialet","@id":"https:\/\/ascla-ambialet.fr\/#\/schema\/person\/aabb7e21f2ad7092f96a1375ddd51ec3"},"headline":"Exposition Olga Astorg ZAYAKINA et Nicolas BONNAFOUS","datePublished":"2025-07-10T13:33:17+00:00","dateModified":"2025-07-10T13:42:55+00:00","mainEntityOfPage":{"@id":"https:\/\/ascla-ambialet.fr\/index.php\/2025\/07\/10\/exposition-olga-astorg-zayakina-et-nicolas-bonnafous\/"},"wordCount":594,"commentCount":0,"publisher":{"@id":"https:\/\/ascla-ambialet.fr\/#organization"},"image":{"@id":"https:\/\/ascla-ambialet.fr\/index.php\/2025\/07\/10\/exposition-olga-astorg-zayakina-et-nicolas-bonnafous\/#primaryimage"},"thumbnailUrl":"https:\/\/ascla-ambialet.fr\/wp-content\/uploads\/2025\/07\/OlgaNicolas.jpg","inLanguage":"fr-FR","potentialAction":[{"@type":"CommentAction","name":"Comment","target":["https:\/\/ascla-ambialet.fr\/index.php\/2025\/07\/10\/exposition-olga-astorg-zayakina-et-nicolas-bonnafous\/#respond"]}]},{"@type":"WebPage","@id":"https:\/\/ascla-ambialet.fr\/index.php\/2025\/07\/10\/exposition-olga-astorg-zayakina-et-nicolas-bonnafous\/","url":"https:\/\/ascla-ambialet.fr\/index.php\/2025\/07\/10\/exposition-olga-astorg-zayakina-et-nicolas-bonnafous\/","name":"Exposition Olga Astorg ZAYAKINA et Nicolas BONNAFOUS - ASCLA","isPartOf":{"@id":"https:\/\/ascla-ambialet.fr\/#website"},"primaryImageOfPage":{"@id":"https:\/\/ascla-ambialet.fr\/index.php\/2025\/07\/10\/exposition-olga-astorg-zayakina-et-nicolas-bonnafous\/#primaryimage"},"image":{"@id":"https:\/\/ascla-ambialet.fr\/index.php\/2025\/07\/10\/exposition-olga-astorg-zayakina-et-nicolas-bonnafous\/#primaryimage"},"thumbnailUrl":"https:\/\/ascla-ambialet.fr\/wp-content\/uploads\/2025\/07\/OlgaNicolas.jpg","datePublished":"2025-07-10T13:33:17+00:00","dateModified":"2025-07-10T13:42:55+00:00","breadcrumb":{"@id":"https:\/\/ascla-ambialet.fr\/index.php\/2025\/07\/10\/exposition-olga-astorg-zayakina-et-nicolas-bonnafous\/#breadcrumb"},"inLanguage":"fr-FR","potentialAction":[{"@type":"ReadAction","target":["https:\/\/ascla-ambialet.fr\/index.php\/2025\/07\/10\/exposition-olga-astorg-zayakina-et-nicolas-bonnafous\/"]}]},{"@type":"ImageObject","inLanguage":"fr-FR","@id":"https:\/\/ascla-ambialet.fr\/index.php\/2025\/07\/10\/exposition-olga-astorg-zayakina-et-nicolas-bonnafous\/#primaryimage","url":"https:\/\/ascla-ambialet.fr\/wp-content\/uploads\/2025\/07\/OlgaNicolas.jpg","contentUrl":"https:\/\/ascla-ambialet.fr\/wp-content\/uploads\/2025\/07\/OlgaNicolas.jpg","width":580,"height":268},{"@type":"BreadcrumbList","@id":"https:\/\/ascla-ambialet.fr\/index.php\/2025\/07\/10\/exposition-olga-astorg-zayakina-et-nicolas-bonnafous\/#breadcrumb","itemListElement":[{"@type":"ListItem","position":1,"name":"Accueil","item":"https:\/\/ascla-ambialet.fr\/"},{"@type":"ListItem","position":2,"name":"Exposition Olga Astorg ZAYAKINA et Nicolas BONNAFOUS"}]},{"@type":"WebSite","@id":"https:\/\/ascla-ambialet.fr\/#website","url":"https:\/\/ascla-ambialet.fr\/","name":"ASCLA","description":"","publisher":{"@id":"https:\/\/ascla-ambialet.fr\/#organization"},"potentialAction":[{"@type":"SearchAction","target":{"@type":"EntryPoint","urlTemplate":"https:\/\/ascla-ambialet.fr\/?s={search_term_string}"},"query-input":{"@type":"PropertyValueSpecification","valueRequired":true,"valueName":"search_term_string"}}],"inLanguage":"fr-FR"},{"@type":"Organization","@id":"https:\/\/ascla-ambialet.fr\/#organization","name":"ASCLA","url":"https:\/\/ascla-ambialet.fr\/","logo":{"@type":"ImageObject","inLanguage":"fr-FR","@id":"https:\/\/ascla-ambialet.fr\/#\/schema\/logo\/image\/","url":"https:\/\/ascla-ambialet.fr\/wp-content\/uploads\/2025\/05\/Design-sans-titre11.png","contentUrl":"https:\/\/ascla-ambialet.fr\/wp-content\/uploads\/2025\/05\/Design-sans-titre11.png","width":800,"height":800,"caption":"ASCLA"},"image":{"@id":"https:\/\/ascla-ambialet.fr\/#\/schema\/logo\/image\/"}},{"@type":"Person","@id":"https:\/\/ascla-ambialet.fr\/#\/schema\/person\/aabb7e21f2ad7092f96a1375ddd51ec3","name":"asclaambbvambialet","image":{"@type":"ImageObject","inLanguage":"fr-FR","@id":"https:\/\/ascla-ambialet.fr\/#\/schema\/person\/image\/","url":"https:\/\/secure.gravatar.com\/avatar\/a686c1a8a93839c48299b050d50f63561d545f752f4295ce6b785711f7f4313a?s=96&d=mm&r=g","contentUrl":"https:\/\/secure.gravatar.com\/avatar\/a686c1a8a93839c48299b050d50f63561d545f752f4295ce6b785711f7f4313a?s=96&d=mm&r=g","caption":"asclaambbvambialet"},"sameAs":["http:\/\/ascla-ambialet.fr"],"url":"https:\/\/ascla-ambialet.fr\/index.php\/author\/asclaambbvambialet\/"}]}},"_links":{"self":[{"href":"https:\/\/ascla-ambialet.fr\/index.php\/wp-json\/wp\/v2\/posts\/936","targetHints":{"allow":["GET"]}}],"collection":[{"href":"https:\/\/ascla-ambialet.fr\/index.php\/wp-json\/wp\/v2\/posts"}],"about":[{"href":"https:\/\/ascla-ambialet.fr\/index.php\/wp-json\/wp\/v2\/types\/post"}],"author":[{"embeddable":true,"href":"https:\/\/ascla-ambialet.fr\/index.php\/wp-json\/wp\/v2\/users\/1"}],"replies":[{"embeddable":true,"href":"https:\/\/ascla-ambialet.fr\/index.php\/wp-json\/wp\/v2\/comments?post=936"}],"version-history":[{"count":6,"href":"https:\/\/ascla-ambialet.fr\/index.php\/wp-json\/wp\/v2\/posts\/936\/revisions"}],"predecessor-version":[{"id":950,"href":"https:\/\/ascla-ambialet.fr\/index.php\/wp-json\/wp\/v2\/posts\/936\/revisions\/950"}],"wp:attachment":[{"href":"https:\/\/ascla-ambialet.fr\/index.php\/wp-json\/wp\/v2\/media?parent=936"}],"wp:term":[{"taxonomy":"category","embeddable":true,"href":"https:\/\/ascla-ambialet.fr\/index.php\/wp-json\/wp\/v2\/categories?post=936"},{"taxonomy":"post_tag","embeddable":true,"href":"https:\/\/ascla-ambialet.fr\/index.php\/wp-json\/wp\/v2\/tags?post=936"}],"curies":[{"name":"wp","href":"https:\/\/api.w.org\/{rel}","templated":true}]}}