{"id":962,"date":"2025-08-13T21:26:46","date_gmt":"2025-08-13T19:26:46","guid":{"rendered":"https:\/\/ascla-ambialet.fr\/?p=962"},"modified":"2025-08-13T22:15:56","modified_gmt":"2025-08-13T20:15:56","slug":"exposition-de-veronique-labadie","status":"publish","type":"post","link":"https:\/\/ascla-ambialet.fr\/index.php\/2025\/08\/13\/exposition-de-veronique-labadie\/","title":{"rendered":"Exposition V\u00e9ronique Labadie"},"content":{"rendered":"\t\t<div data-elementor-type=\"wp-post\" data-elementor-id=\"962\" class=\"elementor elementor-962\">\n\t\t\t\t<div class=\"elementor-element elementor-element-bfc1308 e-flex e-con-boxed e-con e-parent\" data-id=\"bfc1308\" data-element_type=\"container\">\n\t\t\t\t\t<div class=\"e-con-inner\">\n\t\t\t\t<div class=\"elementor-element elementor-element-89d192b elementor-widget elementor-widget-image\" data-id=\"89d192b\" data-element_type=\"widget\" data-widget_type=\"image.default\">\n\t\t\t\t<div class=\"elementor-widget-container\">\n\t\t\t\t\t\t\t\t\t\t\t\t\t\t\t<img fetchpriority=\"high\" decoding=\"async\" width=\"750\" height=\"354\" src=\"https:\/\/ascla-ambialet.fr\/wp-content\/uploads\/2025\/08\/invitation-vernissage-labadie-1024x484.png\" class=\"attachment-large size-large wp-image-963\" alt=\"\" srcset=\"https:\/\/ascla-ambialet.fr\/wp-content\/uploads\/2025\/08\/invitation-vernissage-labadie-1024x484.png 1024w, https:\/\/ascla-ambialet.fr\/wp-content\/uploads\/2025\/08\/invitation-vernissage-labadie-300x142.png 300w, https:\/\/ascla-ambialet.fr\/wp-content\/uploads\/2025\/08\/invitation-vernissage-labadie-768x363.png 768w, https:\/\/ascla-ambialet.fr\/wp-content\/uploads\/2025\/08\/invitation-vernissage-labadie-1536x726.png 1536w, https:\/\/ascla-ambialet.fr\/wp-content\/uploads\/2025\/08\/invitation-vernissage-labadie.png 1609w\" sizes=\"(max-width: 750px) 100vw, 750px\" \/>\t\t\t\t\t\t\t\t\t\t\t\t\t\t\t<\/div>\n\t\t\t\t<\/div>\n\t\t\t\t\t<\/div>\n\t\t\t\t<\/div>\n\t\t<div class=\"elementor-element elementor-element-e8c9ae4 e-flex e-con-boxed e-con e-parent\" data-id=\"e8c9ae4\" data-element_type=\"container\">\n\t\t\t\t\t<div class=\"e-con-inner\">\n\t\t\t\t<div class=\"elementor-element elementor-element-1238bb9 elementor-widget elementor-widget-heading\" data-id=\"1238bb9\" data-element_type=\"widget\" data-widget_type=\"heading.default\">\n\t\t\t\t<div class=\"elementor-widget-container\">\n\t\t\t\t\t<h2 class=\"elementor-heading-title elementor-size-default\">Exposition V\u00e9ronique LABADIE<\/h2>\t\t\t\t<\/div>\n\t\t\t\t<\/div>\n\t\t\t\t\t<\/div>\n\t\t\t\t<\/div>\n\t\t<div class=\"elementor-element elementor-element-02e8058 e-flex e-con-boxed e-con e-parent\" data-id=\"02e8058\" data-element_type=\"container\">\n\t\t\t\t\t<div class=\"e-con-inner\">\n\t\t\t\t<div class=\"elementor-element elementor-element-1e9a76b elementor-widget elementor-widget-text-editor\" data-id=\"1e9a76b\" data-element_type=\"widget\" data-widget_type=\"text-editor.default\">\n\t\t\t\t<div class=\"elementor-widget-container\">\n\t\t\t\t\t\t\t\t\t<p>L\u2019Association Sport Culture et Loisirs d\u2019Ambialet (ASCLA) vous invite \u00e0 venir admirer l\u2019exposition de V\u00e9ronique LABADIE, artiste peintre toulousaine, en l\u2019\u00e9glise Saint Gilles d\u2019Ambialet, du 16 ao\u00fbt au 3 septembre 2025 (de 10 h \u00e0 12 h et de 15 h \u00e0 19 h &#8211; entr\u00e9e libre).<\/p>\n<p>V\u00e9ronique LABADIE est une artiste \u00e9clectique et passionn\u00e9e, qui peint depuis toujours. Son amour de l\u2019art remonte \u00e0 sa petite enfance, elle dessine depuis ses 5 ans avec fr\u00e9n\u00e9sie puisque lorsqu\u2019elle n\u2019avait plus de papier, elle allait chercher les cartons d\u2019emballage inutilis\u00e9s dans l\u2019usine voisine. Certains naissent artistes, V\u00e9ronique LABADIE fait partie de ceux-l\u00e0.<\/p>\n<p>Il s\u2019en est suivi \u2013 logiquement \u2013 des \u00e9tudes aux Beaux-Arts de Bordeaux et un CAPES d\u2019art plastique. Munie de ce solide bagage, associ\u00e9 \u00e0 un talent ind\u00e9niable, V\u00e9ronique LABADIE a enseign\u00e9, mais le r\u00f4le de professeur de l\u2019\u00e9ducation nationale lui a sembl\u00e9 quelque peu restrictif, elle a donc d\u00e9missionn\u00e9 pour se diversifier\u00a0: illustrations de contes pour enfants qu\u2019elle r\u00e9dige, r\u00e9alisations de d\u00e9cors de th\u00e9\u00e2tre, Stylisme et peinture textile, artisanat d\u2019art\u00a0et bien entendu peintures et aquarelles, avec les nombreuses expositions qui en d\u00e9coulent. La transmission de son savoir artistique est cependant rapidement r\u00e9apparue dans sa vie puisque V\u00e9ronique LABADIE enseigne depuis plus de 20 ans dans son atelier toulousain nich\u00e9 au fond de son jardin. Elle accueille adultes et enfants dans cet atelier, v\u00e9ritable havre de paix o\u00f9 tout incite \u00e0 la cr\u00e9ation.<\/p>\n<p>Ses inspirations sont nombreuses, la nature bien entendu mais \u00e9galement les sc\u00e8nes de la vie quotidienne. Son style reste figuratif, avec la touche d\u2019interpr\u00e9tation n\u00e9cessaire \u00e0 toute cr\u00e9ation artistique, car il ne suffit pas de peindre ce que l\u2019on voit, il faut apporter \u00e0 chaque tableau la juste interpr\u00e9tation de l\u2019artiste. V\u00e9ronique LABADIE allie avec brio la mati\u00e8re et la lumi\u00e8re afin de transposer sur la toile le moment fugace qu\u2019elle a saisi, qui l\u2019a touch\u00e9 et qu\u2019elle souhaite partager.<\/p>\n<p>V\u00e9ronique LABADIE sera pr\u00e9sente tout au long de son exposition \u00ab\u00a0La danse de l\u2019eau\u00a0\u00bb, n\u2019h\u00e9sitez pas \u00e0 braver la chaleur afin de venir admirer ses \u0153uvres et \u00e9changer avec elle. Pour conclure ce tr\u00e8s bref article, qui ne peut en lui-m\u00eame r\u00e9sumer autant de richesse artistique, je reprendrai simplement une de ses phrases que je trouve particuli\u00e8rement belle et juste \u00ab\u00a0l\u2019art est un petit bout de nous que nous divulguons aux autres\u00a0\u00bb.<\/p>\n<p>Brigitte MOULIN<\/p>\t\t\t\t\t\t\t\t<\/div>\n\t\t\t\t<\/div>\n\t\t\t\t\t<\/div>\n\t\t\t\t<\/div>\n\t\t\t\t<\/div>\n\t\t","protected":false},"excerpt":{"rendered":"<p>Exposition V\u00e9ronique LABADIE L\u2019Association Sport Culture et Loisirs d\u2019Ambialet (ASCLA) vous invite \u00e0 venir admirer l\u2019exposition de V\u00e9ronique LABADIE, artiste peintre toulousaine, en l\u2019\u00e9glise Saint Gilles d\u2019Ambialet, du 16 ao\u00fbt au 3 septembre 2025 (de 10 h \u00e0 12 h et de 15 h \u00e0 19 h &#8211; entr\u00e9e libre). [&hellip;]<\/p>\n","protected":false},"author":1,"featured_media":0,"comment_status":"open","ping_status":"open","sticky":false,"template":"","format":"standard","meta":{"footnotes":""},"categories":[1],"tags":[],"class_list":["post-962","post","type-post","status-publish","format-standard","hentry","category-non-classe"],"yoast_head":"<!-- This site is optimized with the Yoast SEO plugin v26.1.1 - https:\/\/yoast.com\/wordpress\/plugins\/seo\/ -->\n<title>Exposition V\u00e9ronique Labadie - ASCLA<\/title>\n<meta name=\"robots\" content=\"index, follow, max-snippet:-1, max-image-preview:large, max-video-preview:-1\" \/>\n<link rel=\"canonical\" href=\"https:\/\/ascla-ambialet.fr\/index.php\/2025\/08\/13\/exposition-de-veronique-labadie\/\" \/>\n<meta property=\"og:locale\" content=\"fr_FR\" \/>\n<meta property=\"og:type\" content=\"article\" \/>\n<meta property=\"og:title\" content=\"Exposition V\u00e9ronique Labadie - ASCLA\" \/>\n<meta property=\"og:description\" content=\"Exposition V\u00e9ronique LABADIE L\u2019Association Sport Culture et Loisirs d\u2019Ambialet (ASCLA) vous invite \u00e0 venir admirer l\u2019exposition de V\u00e9ronique LABADIE, artiste peintre toulousaine, en l\u2019\u00e9glise Saint Gilles d\u2019Ambialet, du 16 ao\u00fbt au 3 septembre 2025 (de 10 h \u00e0 12 h et de 15 h \u00e0 19 h &#8211; entr\u00e9e libre). [&hellip;]\" \/>\n<meta property=\"og:url\" content=\"https:\/\/ascla-ambialet.fr\/index.php\/2025\/08\/13\/exposition-de-veronique-labadie\/\" \/>\n<meta property=\"og:site_name\" content=\"ASCLA\" \/>\n<meta property=\"article:published_time\" content=\"2025-08-13T19:26:46+00:00\" \/>\n<meta property=\"article:modified_time\" content=\"2025-08-13T20:15:56+00:00\" \/>\n<meta property=\"og:image\" content=\"https:\/\/ascla-ambialet.fr\/wp-content\/uploads\/2025\/08\/invitation-vernissage-labadie-1024x484.png\" \/>\n<meta name=\"author\" content=\"asclaambbvambialet\" \/>\n<meta name=\"twitter:card\" content=\"summary_large_image\" \/>\n<meta name=\"twitter:label1\" content=\"\u00c9crit par\" \/>\n\t<meta name=\"twitter:data1\" content=\"asclaambbvambialet\" \/>\n\t<meta name=\"twitter:label2\" content=\"Dur\u00e9e de lecture estim\u00e9e\" \/>\n\t<meta name=\"twitter:data2\" content=\"2 minutes\" \/>\n<script type=\"application\/ld+json\" class=\"yoast-schema-graph\">{\"@context\":\"https:\/\/schema.org\",\"@graph\":[{\"@type\":\"Article\",\"@id\":\"https:\/\/ascla-ambialet.fr\/index.php\/2025\/08\/13\/exposition-de-veronique-labadie\/#article\",\"isPartOf\":{\"@id\":\"https:\/\/ascla-ambialet.fr\/index.php\/2025\/08\/13\/exposition-de-veronique-labadie\/\"},\"author\":{\"name\":\"asclaambbvambialet\",\"@id\":\"https:\/\/ascla-ambialet.fr\/#\/schema\/person\/aabb7e21f2ad7092f96a1375ddd51ec3\"},\"headline\":\"Exposition V\u00e9ronique Labadie\",\"datePublished\":\"2025-08-13T19:26:46+00:00\",\"dateModified\":\"2025-08-13T20:15:56+00:00\",\"mainEntityOfPage\":{\"@id\":\"https:\/\/ascla-ambialet.fr\/index.php\/2025\/08\/13\/exposition-de-veronique-labadie\/\"},\"wordCount\":438,\"commentCount\":0,\"publisher\":{\"@id\":\"https:\/\/ascla-ambialet.fr\/#organization\"},\"image\":{\"@id\":\"https:\/\/ascla-ambialet.fr\/index.php\/2025\/08\/13\/exposition-de-veronique-labadie\/#primaryimage\"},\"thumbnailUrl\":\"https:\/\/ascla-ambialet.fr\/wp-content\/uploads\/2025\/08\/invitation-vernissage-labadie-1024x484.png\",\"inLanguage\":\"fr-FR\",\"potentialAction\":[{\"@type\":\"CommentAction\",\"name\":\"Comment\",\"target\":[\"https:\/\/ascla-ambialet.fr\/index.php\/2025\/08\/13\/exposition-de-veronique-labadie\/#respond\"]}]},{\"@type\":\"WebPage\",\"@id\":\"https:\/\/ascla-ambialet.fr\/index.php\/2025\/08\/13\/exposition-de-veronique-labadie\/\",\"url\":\"https:\/\/ascla-ambialet.fr\/index.php\/2025\/08\/13\/exposition-de-veronique-labadie\/\",\"name\":\"Exposition V\u00e9ronique Labadie - ASCLA\",\"isPartOf\":{\"@id\":\"https:\/\/ascla-ambialet.fr\/#website\"},\"primaryImageOfPage\":{\"@id\":\"https:\/\/ascla-ambialet.fr\/index.php\/2025\/08\/13\/exposition-de-veronique-labadie\/#primaryimage\"},\"image\":{\"@id\":\"https:\/\/ascla-ambialet.fr\/index.php\/2025\/08\/13\/exposition-de-veronique-labadie\/#primaryimage\"},\"thumbnailUrl\":\"https:\/\/ascla-ambialet.fr\/wp-content\/uploads\/2025\/08\/invitation-vernissage-labadie-1024x484.png\",\"datePublished\":\"2025-08-13T19:26:46+00:00\",\"dateModified\":\"2025-08-13T20:15:56+00:00\",\"breadcrumb\":{\"@id\":\"https:\/\/ascla-ambialet.fr\/index.php\/2025\/08\/13\/exposition-de-veronique-labadie\/#breadcrumb\"},\"inLanguage\":\"fr-FR\",\"potentialAction\":[{\"@type\":\"ReadAction\",\"target\":[\"https:\/\/ascla-ambialet.fr\/index.php\/2025\/08\/13\/exposition-de-veronique-labadie\/\"]}]},{\"@type\":\"ImageObject\",\"inLanguage\":\"fr-FR\",\"@id\":\"https:\/\/ascla-ambialet.fr\/index.php\/2025\/08\/13\/exposition-de-veronique-labadie\/#primaryimage\",\"url\":\"https:\/\/ascla-ambialet.fr\/wp-content\/uploads\/2025\/08\/invitation-vernissage-labadie.png\",\"contentUrl\":\"https:\/\/ascla-ambialet.fr\/wp-content\/uploads\/2025\/08\/invitation-vernissage-labadie.png\",\"width\":1609,\"height\":761},{\"@type\":\"BreadcrumbList\",\"@id\":\"https:\/\/ascla-ambialet.fr\/index.php\/2025\/08\/13\/exposition-de-veronique-labadie\/#breadcrumb\",\"itemListElement\":[{\"@type\":\"ListItem\",\"position\":1,\"name\":\"Accueil\",\"item\":\"https:\/\/ascla-ambialet.fr\/\"},{\"@type\":\"ListItem\",\"position\":2,\"name\":\"Exposition V\u00e9ronique Labadie\"}]},{\"@type\":\"WebSite\",\"@id\":\"https:\/\/ascla-ambialet.fr\/#website\",\"url\":\"https:\/\/ascla-ambialet.fr\/\",\"name\":\"ASCLA\",\"description\":\"\",\"publisher\":{\"@id\":\"https:\/\/ascla-ambialet.fr\/#organization\"},\"potentialAction\":[{\"@type\":\"SearchAction\",\"target\":{\"@type\":\"EntryPoint\",\"urlTemplate\":\"https:\/\/ascla-ambialet.fr\/?s={search_term_string}\"},\"query-input\":{\"@type\":\"PropertyValueSpecification\",\"valueRequired\":true,\"valueName\":\"search_term_string\"}}],\"inLanguage\":\"fr-FR\"},{\"@type\":\"Organization\",\"@id\":\"https:\/\/ascla-ambialet.fr\/#organization\",\"name\":\"ASCLA\",\"url\":\"https:\/\/ascla-ambialet.fr\/\",\"logo\":{\"@type\":\"ImageObject\",\"inLanguage\":\"fr-FR\",\"@id\":\"https:\/\/ascla-ambialet.fr\/#\/schema\/logo\/image\/\",\"url\":\"https:\/\/ascla-ambialet.fr\/wp-content\/uploads\/2025\/05\/Design-sans-titre11.png\",\"contentUrl\":\"https:\/\/ascla-ambialet.fr\/wp-content\/uploads\/2025\/05\/Design-sans-titre11.png\",\"width\":800,\"height\":800,\"caption\":\"ASCLA\"},\"image\":{\"@id\":\"https:\/\/ascla-ambialet.fr\/#\/schema\/logo\/image\/\"}},{\"@type\":\"Person\",\"@id\":\"https:\/\/ascla-ambialet.fr\/#\/schema\/person\/aabb7e21f2ad7092f96a1375ddd51ec3\",\"name\":\"asclaambbvambialet\",\"image\":{\"@type\":\"ImageObject\",\"inLanguage\":\"fr-FR\",\"@id\":\"https:\/\/ascla-ambialet.fr\/#\/schema\/person\/image\/\",\"url\":\"https:\/\/secure.gravatar.com\/avatar\/a686c1a8a93839c48299b050d50f63561d545f752f4295ce6b785711f7f4313a?s=96&d=mm&r=g\",\"contentUrl\":\"https:\/\/secure.gravatar.com\/avatar\/a686c1a8a93839c48299b050d50f63561d545f752f4295ce6b785711f7f4313a?s=96&d=mm&r=g\",\"caption\":\"asclaambbvambialet\"},\"sameAs\":[\"http:\/\/ascla-ambialet.fr\"],\"url\":\"https:\/\/ascla-ambialet.fr\/index.php\/author\/asclaambbvambialet\/\"}]}<\/script>\n<!-- \/ Yoast SEO plugin. -->","yoast_head_json":{"title":"Exposition V\u00e9ronique Labadie - ASCLA","robots":{"index":"index","follow":"follow","max-snippet":"max-snippet:-1","max-image-preview":"max-image-preview:large","max-video-preview":"max-video-preview:-1"},"canonical":"https:\/\/ascla-ambialet.fr\/index.php\/2025\/08\/13\/exposition-de-veronique-labadie\/","og_locale":"fr_FR","og_type":"article","og_title":"Exposition V\u00e9ronique Labadie - ASCLA","og_description":"Exposition V\u00e9ronique LABADIE L\u2019Association Sport Culture et Loisirs d\u2019Ambialet (ASCLA) vous invite \u00e0 venir admirer l\u2019exposition de V\u00e9ronique LABADIE, artiste peintre toulousaine, en l\u2019\u00e9glise Saint Gilles d\u2019Ambialet, du 16 ao\u00fbt au 3 septembre 2025 (de 10 h \u00e0 12 h et de 15 h \u00e0 19 h &#8211; entr\u00e9e libre). [&hellip;]","og_url":"https:\/\/ascla-ambialet.fr\/index.php\/2025\/08\/13\/exposition-de-veronique-labadie\/","og_site_name":"ASCLA","article_published_time":"2025-08-13T19:26:46+00:00","article_modified_time":"2025-08-13T20:15:56+00:00","og_image":[{"url":"https:\/\/ascla-ambialet.fr\/wp-content\/uploads\/2025\/08\/invitation-vernissage-labadie-1024x484.png","type":"","width":"","height":""}],"author":"asclaambbvambialet","twitter_card":"summary_large_image","twitter_misc":{"\u00c9crit par":"asclaambbvambialet","Dur\u00e9e de lecture estim\u00e9e":"2 minutes"},"schema":{"@context":"https:\/\/schema.org","@graph":[{"@type":"Article","@id":"https:\/\/ascla-ambialet.fr\/index.php\/2025\/08\/13\/exposition-de-veronique-labadie\/#article","isPartOf":{"@id":"https:\/\/ascla-ambialet.fr\/index.php\/2025\/08\/13\/exposition-de-veronique-labadie\/"},"author":{"name":"asclaambbvambialet","@id":"https:\/\/ascla-ambialet.fr\/#\/schema\/person\/aabb7e21f2ad7092f96a1375ddd51ec3"},"headline":"Exposition V\u00e9ronique Labadie","datePublished":"2025-08-13T19:26:46+00:00","dateModified":"2025-08-13T20:15:56+00:00","mainEntityOfPage":{"@id":"https:\/\/ascla-ambialet.fr\/index.php\/2025\/08\/13\/exposition-de-veronique-labadie\/"},"wordCount":438,"commentCount":0,"publisher":{"@id":"https:\/\/ascla-ambialet.fr\/#organization"},"image":{"@id":"https:\/\/ascla-ambialet.fr\/index.php\/2025\/08\/13\/exposition-de-veronique-labadie\/#primaryimage"},"thumbnailUrl":"https:\/\/ascla-ambialet.fr\/wp-content\/uploads\/2025\/08\/invitation-vernissage-labadie-1024x484.png","inLanguage":"fr-FR","potentialAction":[{"@type":"CommentAction","name":"Comment","target":["https:\/\/ascla-ambialet.fr\/index.php\/2025\/08\/13\/exposition-de-veronique-labadie\/#respond"]}]},{"@type":"WebPage","@id":"https:\/\/ascla-ambialet.fr\/index.php\/2025\/08\/13\/exposition-de-veronique-labadie\/","url":"https:\/\/ascla-ambialet.fr\/index.php\/2025\/08\/13\/exposition-de-veronique-labadie\/","name":"Exposition V\u00e9ronique Labadie - ASCLA","isPartOf":{"@id":"https:\/\/ascla-ambialet.fr\/#website"},"primaryImageOfPage":{"@id":"https:\/\/ascla-ambialet.fr\/index.php\/2025\/08\/13\/exposition-de-veronique-labadie\/#primaryimage"},"image":{"@id":"https:\/\/ascla-ambialet.fr\/index.php\/2025\/08\/13\/exposition-de-veronique-labadie\/#primaryimage"},"thumbnailUrl":"https:\/\/ascla-ambialet.fr\/wp-content\/uploads\/2025\/08\/invitation-vernissage-labadie-1024x484.png","datePublished":"2025-08-13T19:26:46+00:00","dateModified":"2025-08-13T20:15:56+00:00","breadcrumb":{"@id":"https:\/\/ascla-ambialet.fr\/index.php\/2025\/08\/13\/exposition-de-veronique-labadie\/#breadcrumb"},"inLanguage":"fr-FR","potentialAction":[{"@type":"ReadAction","target":["https:\/\/ascla-ambialet.fr\/index.php\/2025\/08\/13\/exposition-de-veronique-labadie\/"]}]},{"@type":"ImageObject","inLanguage":"fr-FR","@id":"https:\/\/ascla-ambialet.fr\/index.php\/2025\/08\/13\/exposition-de-veronique-labadie\/#primaryimage","url":"https:\/\/ascla-ambialet.fr\/wp-content\/uploads\/2025\/08\/invitation-vernissage-labadie.png","contentUrl":"https:\/\/ascla-ambialet.fr\/wp-content\/uploads\/2025\/08\/invitation-vernissage-labadie.png","width":1609,"height":761},{"@type":"BreadcrumbList","@id":"https:\/\/ascla-ambialet.fr\/index.php\/2025\/08\/13\/exposition-de-veronique-labadie\/#breadcrumb","itemListElement":[{"@type":"ListItem","position":1,"name":"Accueil","item":"https:\/\/ascla-ambialet.fr\/"},{"@type":"ListItem","position":2,"name":"Exposition V\u00e9ronique Labadie"}]},{"@type":"WebSite","@id":"https:\/\/ascla-ambialet.fr\/#website","url":"https:\/\/ascla-ambialet.fr\/","name":"ASCLA","description":"","publisher":{"@id":"https:\/\/ascla-ambialet.fr\/#organization"},"potentialAction":[{"@type":"SearchAction","target":{"@type":"EntryPoint","urlTemplate":"https:\/\/ascla-ambialet.fr\/?s={search_term_string}"},"query-input":{"@type":"PropertyValueSpecification","valueRequired":true,"valueName":"search_term_string"}}],"inLanguage":"fr-FR"},{"@type":"Organization","@id":"https:\/\/ascla-ambialet.fr\/#organization","name":"ASCLA","url":"https:\/\/ascla-ambialet.fr\/","logo":{"@type":"ImageObject","inLanguage":"fr-FR","@id":"https:\/\/ascla-ambialet.fr\/#\/schema\/logo\/image\/","url":"https:\/\/ascla-ambialet.fr\/wp-content\/uploads\/2025\/05\/Design-sans-titre11.png","contentUrl":"https:\/\/ascla-ambialet.fr\/wp-content\/uploads\/2025\/05\/Design-sans-titre11.png","width":800,"height":800,"caption":"ASCLA"},"image":{"@id":"https:\/\/ascla-ambialet.fr\/#\/schema\/logo\/image\/"}},{"@type":"Person","@id":"https:\/\/ascla-ambialet.fr\/#\/schema\/person\/aabb7e21f2ad7092f96a1375ddd51ec3","name":"asclaambbvambialet","image":{"@type":"ImageObject","inLanguage":"fr-FR","@id":"https:\/\/ascla-ambialet.fr\/#\/schema\/person\/image\/","url":"https:\/\/secure.gravatar.com\/avatar\/a686c1a8a93839c48299b050d50f63561d545f752f4295ce6b785711f7f4313a?s=96&d=mm&r=g","contentUrl":"https:\/\/secure.gravatar.com\/avatar\/a686c1a8a93839c48299b050d50f63561d545f752f4295ce6b785711f7f4313a?s=96&d=mm&r=g","caption":"asclaambbvambialet"},"sameAs":["http:\/\/ascla-ambialet.fr"],"url":"https:\/\/ascla-ambialet.fr\/index.php\/author\/asclaambbvambialet\/"}]}},"_links":{"self":[{"href":"https:\/\/ascla-ambialet.fr\/index.php\/wp-json\/wp\/v2\/posts\/962","targetHints":{"allow":["GET"]}}],"collection":[{"href":"https:\/\/ascla-ambialet.fr\/index.php\/wp-json\/wp\/v2\/posts"}],"about":[{"href":"https:\/\/ascla-ambialet.fr\/index.php\/wp-json\/wp\/v2\/types\/post"}],"author":[{"embeddable":true,"href":"https:\/\/ascla-ambialet.fr\/index.php\/wp-json\/wp\/v2\/users\/1"}],"replies":[{"embeddable":true,"href":"https:\/\/ascla-ambialet.fr\/index.php\/wp-json\/wp\/v2\/comments?post=962"}],"version-history":[{"count":8,"href":"https:\/\/ascla-ambialet.fr\/index.php\/wp-json\/wp\/v2\/posts\/962\/revisions"}],"predecessor-version":[{"id":997,"href":"https:\/\/ascla-ambialet.fr\/index.php\/wp-json\/wp\/v2\/posts\/962\/revisions\/997"}],"wp:attachment":[{"href":"https:\/\/ascla-ambialet.fr\/index.php\/wp-json\/wp\/v2\/media?parent=962"}],"wp:term":[{"taxonomy":"category","embeddable":true,"href":"https:\/\/ascla-ambialet.fr\/index.php\/wp-json\/wp\/v2\/categories?post=962"},{"taxonomy":"post_tag","embeddable":true,"href":"https:\/\/ascla-ambialet.fr\/index.php\/wp-json\/wp\/v2\/tags?post=962"}],"curies":[{"name":"wp","href":"https:\/\/api.w.org\/{rel}","templated":true}]}}